{"id":100795,"date":"2025-03-30T14:51:05","date_gmt":"2025-03-30T14:51:05","guid":{"rendered":"https:\/\/www.mujerhoy.com\/moda\/no-te-pierdas\/vuelven-zapatos-plataformas-comodas-primavera-20250330123325-nt.html"},"modified":"2025-03-30T14:51:05","modified_gmt":"2025-03-30T14:51:05","slug":"vuelven-las-plataformas-como-llevar-la-moda-boho-que-arraso-en-los-70-esta-primavera","status":"publish","type":"post","link":"http:\/\/hoycordobaweb.com\/index.php\/2025\/03\/30\/vuelven-las-plataformas-como-llevar-la-moda-boho-que-arraso-en-los-70-esta-primavera\/","title":{"rendered":"Vuelven las plataformas: c\u00f3mo llevar la moda boho que arras\u00f3 en los 70 esta primavera"},"content":{"rendered":"<p><!-- AUTHOR --> <\/p>\n<div class=\"voc-author-timesocial \"> <!-- AUTHOR --> <\/p>\n<div class=\"voc-author-timesocial__signature \">\n<div class=\"voc-author-timesocial__img-c\"> <!-- IMAGE AUTHOR --> <picture class=\"voc-image-signature\"> <img class=\"voc-image-signature__img\" src=\"http:\/\/hoycordobaweb.com\/wp-content\/uploads\/2025\/03\/vuelven-las-plataformas-como-llevar-la-moda-boho-que-arraso-en-los-70-esta-primavera.jpg\" alt=\"Elena Romero Vargas\"> <\/picture> <\/div>\n<p> <!-- INFO AUTHOR --> <\/div><\/div>\n<p> <!-- COMPONENTS --> <\/p>\n<p class=\"voc-paragraph\" data-mrf-recirculation=\"Link art\u00edculo\">Es oficial: los <strong>zapatos con plataforma<\/strong> est\u00e1n de vuelta esta temporada. El calzado que se caracteriza por sumar altura en la parte delantera de la pieza y que tanto se llev\u00f3 en la d\u00e9cada de 2010 vuelve a reclamar un hueco en nuestros armarios, y todo se debe <a data-voc-vtm-id=\"in-text-traffic\" href=\"https:\/\/www.mujerhoy.com\/moda\/no-te-pierdas\/mejores-prendas-boho-chic-tendencia-primavera-sfera-20250319130828-nt.html\" data-mrf-link=\"https:\/\/www.mujerhoy.com\/moda\/no-te-pierdas\/mejores-prendas-boho-chic-tendencia-primavera-sfera-20250319130828-nt.html\">al auge del boho chic<\/a><br \/>\n.\n<\/p>\n<p class=\"voc-paragraph\" data-mrf-recirculation=\"Link art\u00edculo\">En realidad, el regreso de las plataformas responde a la nostalgia que est\u00e1n impregnando las \u00faltimas tendencias, especialemente aquellas de <strong>inspiraci\u00f3n setentera y noventera<\/strong>, dos d\u00e9cadas en las que estos zapatos jugaron un papel muy especial. Tanto <a data-voc-vtm-id=\"in-text-traffic\" href=\"https:\/\/www.mujerhoy.com\/moda\/tendencias\/tendencia-estilo-setentero-otono-invierno-virales-instagram-zara-mango-20241105084302-nt.html\" data-mrf-link=\"https:\/\/www.mujerhoy.com\/moda\/tendencias\/tendencia-estilo-setentero-otono-invierno-virales-instagram-zara-mango-20241105084302-nt.html\">el boho de los 70<\/a> como <a data-voc-vtm-id=\"in-text-traffic\" href=\"https:\/\/www.mujerhoy.com\/moda\/tendencias\/looks-anos-90-recuperar-armario-tendencia-noventera-minimalismo-elegancia-verano-20240616164239-nt.html\" data-mrf-link=\"https:\/\/www.mujerhoy.com\/moda\/tendencias\/looks-anos-90-recuperar-armario-tendencia-noventera-minimalismo-elegancia-verano-20240616164239-nt.html\">el minimalismo de los 90 <\/a><br \/>\nest\u00e1n tambi\u00e9n de vuelta y, por supuesto, ten\u00edan que llegar tambi\u00e9n los zapatos del momento para complementar un look a la altura de la esencia que volvemos a recrear.\n<\/p>\n<p class=\"voc-paragraph\" data-mrf-recirculation=\"Link art\u00edculo\">Otra de las razones por las que queremos que no nos parece tan mala idea rescatar los zapatos con plataforma es por <strong>el plus de comodidad <\/strong>que ofertan. Sin perder las ventajas de un tac\u00f3n cl\u00e1sico a la hora de elevar un looks, los zapatos con plataforma logran un equilibrio entre estilo y comfort al proporcionar altura sin renunciar a la estabilidad.\n<\/p>\n<p class=\"voc-paragraph\" data-mrf-recirculation=\"Link art\u00edculo\">Gracias, precisamente, a esta caracter\u00edstica, las plataformas son la excusa perfecta para <strong>darle altura incluso a tus looks m\u00e1s casuales<\/strong>. Y es que la versatilidad es otra de las cualidades que abalan la vuelta de esta tendencia. Por eso, si eres de las que disfrutan de las bondades de un buen tac\u00f3n pero prefieres opciones que te permitan llevarlos puestos durante todo el d\u00eda, esta moda (y estos modelos de zapatos con plataforma) son para ti.\n<\/p>\n<div class=\"voc-detail__cmp\">\n<div class=\"voc-article-container\">\n<article class=\"voc-article voc-article--cmp-photo-text\" readability=\"26.5\">\n<div class=\"voc-img-container\" readability=\"8\"> <picture>\n<div class=\"voc-horizontal voc-img-icon-link\"> <img loading=\"lazy\" src=\"http:\/\/hoycordobaweb.com\/wp-content\/uploads\/2025\/03\/vuelven-las-plataformas-como-llevar-la-moda-boho-que-arraso-en-los-70-esta-primavera-1.jpg\" alt=\"Sandalias de tac\u00f3n de mujer con plataforma destalonadas (39,90\u20ac en El Corte Ingl\u00e9s)\" width=\"624\" height=\"624\"> <\/div>\n<\/picture>\n<p class=\"figure-caption \"> Sandalias de tac\u00f3n de mujer con plataforma destalonadas (39,90\u20ac en El Corte Ingl\u00e9s) \/ <span class=\"voc-photo-author\"> mim <\/span> <\/p>\n<\/p><\/div>\n<\/article><\/div>\n<\/div>\n<p><h3 class=\"voc-detail__title\"> Mim<br \/>\n<\/h3>\n<\/p>\n<p class=\"voc-paragraph\" data-mrf-recirculation=\"Link art\u00edculo\">Si buscas un zapato con plataforma multifunci\u00f3n, que puedas lucir en primavera con vestidos anchos o con pantalones vaqueros, estas <strong>sandalias de Mim <\/strong>son perfectas para ti. Con dise\u00f1o cl\u00e1sico y color neutro, lo tiene todo para ser el calzado comod\u00edn para el d\u00eda a d\u00eda.\n<\/p>\n<div class=\"voc-detail__cmp\">\n<div class=\"voc-article-container\">\n<article class=\"voc-article voc-article--cmp-photo-text\" readability=\"26.5\">\n<div class=\"voc-img-container\" readability=\"8\"> <picture>\n<div class=\"voc-horizontal voc-img-icon-link\"> <img loading=\"lazy\" src=\"http:\/\/hoycordobaweb.com\/wp-content\/uploads\/2025\/03\/vuelven-las-plataformas-como-llevar-la-moda-boho-que-arraso-en-los-70-esta-primavera-2.jpg\" alt=\"Botines de tac\u00f3n Sixties (59,95\u20ac)\" width=\"624\" height=\"624\"> <\/div>\n<\/picture>\n<p class=\"figure-caption \"> Botines de tac\u00f3n Sixties (59,95\u20ac) \/ <span class=\"voc-photo-author\"> mustang <\/span> <\/p>\n<\/p><\/div>\n<\/article><\/div>\n<\/div>\n<p><h3 class=\"voc-detail__title\"> Mustang<br \/>\n<\/h3>\n<\/p>\n<p class=\"voc-paragraph\" data-mrf-recirculation=\"Link art\u00edculo\">Para las que no se quitan los botines ni en los d\u00edas de m\u00e1s calor, <strong>estos de Mustang con plataforma<\/strong> se van a convertir en sus favoritos de la temporada. Son ideal para recrear un <a data-voc-vtm-id=\"in-text-traffic\" href=\"https:\/\/www.mujerhoy.com\/moda\/no-te-pierdas\/pantalones-fluidos-comodos-fresquitos-sientan-bien-cualquier-cuerpo-edad-verano-20240422103208-nt.html\" data-mrf-link=\"https:\/\/www.mujerhoy.com\/moda\/no-te-pierdas\/pantalones-fluidos-comodos-fresquitos-sientan-bien-cualquier-cuerpo-edad-verano-20240422103208-nt.html\">look boho con pantalones fluidos <\/a><br \/>\no vestidos de gasa mini y, adem\u00e1s, si te haces con ellos ahora ya los tendr\u00e1s para llevarlos todos los d\u00edas el pr\u00f3ximo invierno.\n<\/p>\n<div class=\"voc-detail__cmp\">\n<div class=\"voc-article-container\">\n<article class=\"voc-article voc-article--cmp-photo-text\" readability=\"26.5\">\n<div class=\"voc-img-container\" readability=\"8\"> <picture>\n<div class=\"voc-horizontal voc-img-icon-link\"> <img loading=\"lazy\" src=\"http:\/\/hoycordobaweb.com\/wp-content\/uploads\/2025\/03\/vuelven-las-plataformas-como-llevar-la-moda-boho-que-arraso-en-los-70-esta-primavera-3.jpg\" alt=\"Sandalias plataforma serraje (35,95\u20ac)\" width=\"624\" height=\"624\"> <\/div>\n<\/picture>\n<p class=\"figure-caption \"> Sandalias plataforma serraje (35,95\u20ac) \/ <span class=\"voc-photo-author\"> stradivarius <\/span> <\/p>\n<\/p><\/div>\n<\/article><\/div>\n<\/div>\n<p><h3 class=\"voc-detail__title\"> Stradivarius<br \/>\n<\/h3>\n<\/p>\n<p class=\"voc-paragraph\" data-mrf-recirculation=\"Link art\u00edculo\">Las amantes de los b\u00e1sicos van a caer rendidas ante este <strong>par de sandalias de Stradivarius<\/strong> que no puede quedar mejor en estilismos de entretiempo. Van ideal para incluir en un look de oficina m\u00e1s formal, pero tambi\u00e9n en estilismos relajados e, incluso, en un look de invitada en tonos neutros.\n<\/p>\n<div class=\"voc-detail__cmp\">\n<div class=\"voc-article-container\">\n<article class=\"voc-article voc-article--cmp-photo-text\" readability=\"26.5\">\n<div class=\"voc-img-container\" readability=\"8\"> <picture>\n<div class=\"voc-horizontal voc-img-icon-link\"> <img loading=\"lazy\" src=\"http:\/\/hoycordobaweb.com\/wp-content\/uploads\/2025\/03\/vuelven-las-plataformas-como-llevar-la-moda-boho-que-arraso-en-los-70-esta-primavera-4.jpg\" alt=\"Sandalia tac\u00f3n plataforma (23,99\u20ac)\" width=\"624\" height=\"624\"> <\/div>\n<\/picture>\n<p class=\"figure-caption \"> Sandalia tac\u00f3n plataforma (23,99\u20ac) \/ <span class=\"voc-photo-author\"> lefties <\/span> <\/p>\n<\/p><\/div>\n<\/article><\/div>\n<\/div>\n<p><h3 class=\"voc-detail__title\"> Lefties<br \/>\n<\/h3>\n<\/p>\n<p class=\"voc-paragraph\" data-mrf-recirculation=\"Link art\u00edculo\">Otra opci\u00f3n para looks de invitada que, adem\u00e1s, no puede estar m\u00e1s de moda, son estas <strong>sandalias metalizadas de Lefties<\/strong>. Los <a data-voc-vtm-id=\"in-text-traffic\" href=\"https:\/\/www.mujerhoy.com\/moda\/tendencias\/zapatos-metalizados-looks-invitada-tendencia-primavera-2025-20250227130235-nt.html\" data-mrf-link=\"https:\/\/www.mujerhoy.com\/moda\/tendencias\/zapatos-metalizados-looks-invitada-tendencia-primavera-2025-20250227130235-nt.html\">zapatos metalizados vuelven a ser tendencia<\/a> este temporada tanto en eventos como en ocasiones m\u00e1s relajadas y este par son ideales &#8211; y muy c\u00f3modos &#8211; para ambas situaciones.\n<\/p>\n<div class=\"voc-detail__cmp\">\n<div class=\"voc-article-container\">\n<article class=\"voc-article voc-article--cmp-photo-text\" readability=\"26.5\">\n<div class=\"voc-img-container\" readability=\"8\"> <picture>\n<div class=\"voc-horizontal voc-img-icon-link\"> <img loading=\"lazy\" src=\"http:\/\/hoycordobaweb.com\/wp-content\/uploads\/2025\/03\/vuelven-las-plataformas-como-llevar-la-moda-boho-que-arraso-en-los-70-esta-primavera-5.jpg\" alt=\"Sandalias tac\u00f3n plataforma piel (39,99\u20ac)\" width=\"624\" height=\"624\"> <\/div>\n<\/picture>\n<p class=\"figure-caption \"> Sandalias tac\u00f3n plataforma piel (39,99\u20ac) \/ <span class=\"voc-photo-author\"> Pull&amp;Bear <\/span> <\/p>\n<\/p><\/div>\n<\/article><\/div>\n<\/div>\n<p><h3 class=\"voc-detail__title\"> Pull&amp;Bear<br \/>\n<\/h3>\n<\/p>\n<p class=\"voc-paragraph\" data-mrf-recirculation=\"Link art\u00edculo\">No podemos hablar de zapatos del momento sin mencionar <a data-voc-vtm-id=\"in-text-traffic\" href=\"https:\/\/www.mujerhoy.com\/moda\/tendencias\/zuecos-zapato-tendencia-invierno-2025-mujer-hombre-original-comodo-20250116105140-nt.html\" data-mrf-link=\"https:\/\/www.mujerhoy.com\/moda\/tendencias\/zuecos-zapato-tendencia-invierno-2025-mujer-hombre-original-comodo-20250116105140-nt.html\">los zuecos<\/a><br \/>\n, herencia del boho chic que tambi\u00e9n ha llegado para quedarse estos pr\u00f3ximos meses. En <strong>Pul&amp;Bear tenemos unas sandalias con plataforma <\/strong>estilo zueco ideal para elevar tus estilismos tendencia.\n<\/p>\n<div class=\"voc-detail__cmp\">\n<div class=\"voc-article-container\">\n<article class=\"voc-article voc-article--cmp-photo-text\" readability=\"26.5\">\n<div class=\"voc-img-container\" readability=\"8\"> <picture>\n<div class=\"voc-horizontal voc-img-icon-link\"> <img loading=\"lazy\" src=\"http:\/\/hoycordobaweb.com\/wp-content\/uploads\/2025\/03\/vuelven-las-plataformas-como-llevar-la-moda-boho-que-arraso-en-los-70-esta-primavera-6.jpg\" alt=\"Alpargatas de cu\u00f1a de mujer con plataforma elaboradas en serraje (95\u20ac en El Corte Ingl\u00e9s)\" width=\"624\" height=\"624\"> <\/div>\n<\/picture>\n<p class=\"figure-caption \"> Alpargatas de cu\u00f1a de mujer con plataforma elaboradas en serraje (95\u20ac en El Corte Ingl\u00e9s) \/ <span class=\"voc-photo-author\"> Macarena Shoes <\/span> <\/p>\n<\/p><\/div>\n<\/article><\/div>\n<\/div>\n<p><h3 class=\"voc-detail__title\"> Macarena Shoes<br \/>\n<\/h3>\n<\/p>\n<p class=\"voc-paragraph\" data-mrf-recirculation=\"Link art\u00edculo\">No hay look de verano que se precie sin <strong>un par de alpargatas de Macarena Shoes<\/strong>, que tambi\u00e9n se ha sumado a la moda de las plataformas. Es la opci\u00f3n m\u00e1s c\u00f3moda con diferencia y tambi\u00e9n la m\u00e1s vers\u00e1til, por lo que lo tiene todo para desterrar a las zapatillas en los meses de m\u00e1s calor y sumar un plus de elegancia a cualquiera de tus outfits.\n<\/p>\n<p> <!-- TOPICS --> <\/p>\n","protected":false},"excerpt":{"rendered":"<p>Es oficial: los zapatos con plataforma est\u00e1n de vuelta esta temporada. El calzado que se caracteriza por sumar altura en la parte delantera de la pieza y que tanto se llev\u00f3 en la d\u00e9cada de 2010 vuelve a reclamar un hueco en nuestros armarios, y todo se debe al auge del boho chic . En [&hellip;]<\/p>\n","protected":false},"author":1,"featured_media":100796,"comment_status":"closed","ping_status":"closed","sticky":false,"template":"","format":"standard","meta":[],"categories":[],"tags":[],"_links":{"self":[{"href":"http:\/\/hoycordobaweb.com\/index.php\/wp-json\/wp\/v2\/posts\/100795"}],"collection":[{"href":"http:\/\/hoycordobaweb.com\/index.php\/wp-json\/wp\/v2\/posts"}],"about":[{"href":"http:\/\/hoycordobaweb.com\/index.php\/wp-json\/wp\/v2\/types\/post"}],"author":[{"embeddable":true,"href":"http:\/\/hoycordobaweb.com\/index.php\/wp-json\/wp\/v2\/users\/1"}],"replies":[{"embeddable":true,"href":"http:\/\/hoycordobaweb.com\/index.php\/wp-json\/wp\/v2\/comments?post=100795"}],"version-history":[{"count":0,"href":"http:\/\/hoycordobaweb.com\/index.php\/wp-json\/wp\/v2\/posts\/100795\/revisions"}],"wp:featuredmedia":[{"embeddable":true,"href":"http:\/\/hoycordobaweb.com\/index.php\/wp-json\/wp\/v2\/media\/100796"}],"wp:attachment":[{"href":"http:\/\/hoycordobaweb.com\/index.php\/wp-json\/wp\/v2\/media?parent=100795"}],"wp:term":[{"taxonomy":"category","embeddable":true,"href":"http:\/\/hoycordobaweb.com\/index.php\/wp-json\/wp\/v2\/categories?post=100795"},{"taxonomy":"post_tag","embeddable":true,"href":"http:\/\/hoycordobaweb.com\/index.php\/wp-json\/wp\/v2\/tags?post=100795"}],"curies":[{"name":"wp","href":"https:\/\/api.w.org\/{rel}","templated":true}]}}