{"id":100791,"date":"2025-03-30T13:01:27","date_gmt":"2025-03-30T13:01:27","guid":{"rendered":"https:\/\/www.ole.com.ar\/futbol-internacional\/liga-alemana-bundesliga\/hiroki-ito-japones-lesionado-bayern-munich-fractura-hueso-pie-derecho-pierde-mundial-clubes-lesionado-lesion-rival-boca_0_YwtIpng7Um.html"},"modified":"2025-03-30T13:01:27","modified_gmt":"2025-03-30T13:01:27","slug":"atento-boca-una-nueva-baja-para-la-defensa-del-bayern-munich","status":"publish","type":"post","link":"http:\/\/hoycordobaweb.com\/index.php\/2025\/03\/30\/atento-boca-una-nueva-baja-para-la-defensa-del-bayern-munich\/","title":{"rendered":"Atento Boca: una nueva baja para la defensa del Bayern Munich"},"content":{"rendered":"<p><img src=\"http:\/\/hoycordobaweb.com\/wp-content\/uploads\/2025\/03\/atento-boca-una-nueva-baja-para-la-defensa-del-bayern-munich.jpg\"><\/p>\n<p><span class=\"createDate\">30\/03\/2025 10:01hs.<\/span><time class=\"modificatedDate\" datetime=\"2025-03-30T11:36:19-03:00\"> Actualizado al 30\/03\/2025 11:36hs.<\/time><\/p>\n<div id=\"storyBody\">\n<div class=\"custom-text \" readability=\"35\">\n<p>La noticia lleg\u00f3 a solo 82 d\u00edas del duelo en el Hard Rock Stadium de Miami por el Mundial de Clubes XXL. Y Boca qued\u00f3 expectante&#8230; <strong>Bayern Munich comunic\u00f3 este domingo una nueva baja en su zona defensiva por lo que resta de la temporada.<\/strong> <strong>El lateral japon\u00e9s Hiroki Ito<\/strong> (25 a\u00f1os) no volver\u00e1 a jugar por los pr\u00f3ximos meses tras sufrir <strong>una fractura en un hueso del pie derecho <\/strong>este s\u00e1bado contra el St. Pauli.<\/p>\n<\/div>\n<div class=\"custom-text \" readability=\"40\">\n<p>A siete jornadas para el final de la Bundesliga, con seis puntos de ventaja sobre el Bayer Leverkusen, y en cuartos de final de la Champions League,<strong> el Bayern queda muy debilitado en defensa, ya que la baja de Ito se une a las del canadiense Alphonso Davies y el franc\u00e9s Dayot Upamecano<\/strong>, ambos con problemas de rodilla durante el parate de selecciones.<\/p>\n<\/div>\n<p><h2><strong>Ito y una historia de desventuras con los b\u00e1varos<\/strong><\/h2>\n<\/p>\n<div class=\"custom-text \" readability=\"37\">\n<p>Llegado a mediados de 2024 procedente del Stuttgart, el internacional japon\u00e9s se perdi\u00f3 la primera parte de la temporada por una fractura de un metatarso del pie derecho por la que <strong>tuvo que ser operado en dos ocasiones.<\/strong> Regres\u00f3 a la competici\u00f3n en febrero 2025 y el s\u00e1bado entr\u00f3 en la cancha a la hora de juego sustituyendo al portugu\u00e9s Rapha\u00ebl Guerreiro, la otra soluci\u00f3n del t\u00e9cnico Vincent Kompany para ocupar la plaza del lesionado Davies en el lateral izquierdo. Sin embargo&#8230;<\/p>\n<\/div>\n<div class=\"custom-text \" readability=\"35\">\n<p>Encima, el arquero Manuel Neuer (39 a\u00f1os) tambi\u00e9n recay\u00f3 la semana pasada de la lesi\u00f3n muscular que sufri\u00f3 a comienzos de marzo y es duda para disputar los cuartos de final de la Champions contra el Inter (ida el ocho de abril en M\u00fanich y vuelta ocho d\u00edas despu\u00e9s en Mil\u00e1n).<\/p>\n<\/div>\n<div class=\"sc-e7b891c4-0 ifHnQL image-embed\"><img alt=\"Ito entr\u00f3 y sali\u00f3 en el Bayern. (AP)\" loading=\"lazy\" width=\"720\" height=\"100\" decoding=\"async\" data-nimg=\"1\" src=\"http:\/\/hoycordobaweb.com\/wp-content\/uploads\/2025\/03\/atento-boca-una-nueva-baja-para-la-defensa-del-bayern-munich-2.jpg\"><span class=\"epigraphe\">Ito entr\u00f3 y sali\u00f3 en el Bayern. (AP)<\/span><\/div>\n<p><h2><strong>\u00bfQu\u00e9 dice el comunicado oficial del Bayern Munich?<\/strong><\/h2>\n<\/p>\n<div class=\"custom-text \" readability=\"39\">\n<p>\u00abHiroki It\u014d ha sufrido una reca\u00edda de una fractura en el metatarsiano derecho, seg\u00fan ha confirmado una ecograf\u00eda realizada por el equipo m\u00e9dico del FC Bayern. El internacional japon\u00e9s se lesion\u00f3 en la victoria de este s\u00e1bado por 3-2 contra el FC St. Pauli. Tras entrar en el campo en el minuto 58, tuvo que abandonar el campo en el 89. Ito, quien fich\u00f3 por M\u00fanich procedente del VfB Stuttgart el verano pasado, estar\u00e1 de baja para el Bayern durante un largo periodo.<\/p>\n<\/div>\n<div class=\"custom-text \" readability=\"39\">\n<p>Max Eberl, miembro de la junta directiva de deportes, coment\u00f3: &#8216;La noticia de otra lesi\u00f3n grave de Hiroki nos afecta profundamente. <strong>Acaba de recuperarse tras meses de rehabilitaci\u00f3n y ahora estar\u00e1 de baja por un largo tiempo; apenas podemos imaginar c\u00f3mo se sentir\u00e1. <\/strong>Recibir\u00e1 todo el apoyo que necesite de nuestra parte. Es un luchador y estamos deseando que vuelva a la cancha. Mant\u00e9n la cabeza alta, Hiroki; el FC Bayern est\u00e1 de tu lado. Tras las lesiones de Alphonso Davies y Dayot Upamecano, hemos perdido a un tercer defensa en poco tiempo. Ahora uniremos fuerzas a\u00fan m\u00e1s para seguir persiguiendo nuestros objetivos&#8217;\u201d.<\/p>\n<\/div>\n<p><h2><strong>El particular historial de Boca contra sus rivales en el Mundial de Clubes<\/strong><\/h2>\n<\/p>\n<div class=\"custom-text \" readability=\"36\">\n<p>El Mundial de Clubes de la FIFA 2025 promete ser una nueva oportunidad para que Boca se muestre nuevamente ante la elite mundial. El Xeneize comparte el Grupo C con el Bayern Munich, Benfica y Auckland City y con dos de esos adversarios ya tiene antecedentes. Uno a favor y otro en contra. Pero con uno solo de los ellos tiene un partido jugado de manera oficial. Con los otros ser\u00e1 la primera vez que los enfrente por los puntos en un torneo.<\/p>\n<\/div>\n<div class=\"custom-text \" readability=\"40\">\n<p>El Bayern Munich es uno de los clubes m\u00e1s grandes de Europa y del mundo, y su enfrentamiento con Boca tiene una historia relativamente breve, pero intensa. Los dos equipos se han enfrentado en tres ocasiones: una victoria para Boca, un empate y una derrota. Los primeros dos encuentros fueron amistosos. El primero termin\u00f3 en igualdad 1-1: se jug\u00f3 en Munich, en 1925. El segundo lleg\u00f3 en 1967, en el que Xeneize logr\u00f3 una victoria por 2-1 en un choque disputado en Barcelona.<\/p>\n<\/div>\n<div class=\"custom-text \" readability=\"40\">\n<p>Sin embargo, el partido m\u00e1s recordado entre ambos se produjo en la final de la Copa Intercontinental 2001. En ese encuentro, jugado en Jap\u00f3n, Boca se enfrent\u00f3 al Bayern en un partido hist\u00f3rico y s\u00faper pol\u00e9mico. La victoria del Bayern por 1-0 se vio empa\u00f1ada por el arbitraje del dan\u00e9s Kim Nielsen, quien no sancion\u00f3 una clara falta a Clemente Rodr\u00edguez en el gol decisivo, y le quit\u00f3 la chance de ser bicampe\u00f3n del mundo.<\/p>\n<\/div>\n<div class=\"custom-text \" readability=\"33\">\n<p><strong>Ante Benfica, un historial positivo&#8230;<\/strong><\/p>\n<\/div>\n<div class=\"custom-text \" readability=\"41\">\n<p>Por su parte, el cruce contra Benfica tiene un dato muy positivo. En los cinco enfrentamientos, todos de car\u00e1cter amistoso, nunca perdi\u00f3. Gan\u00f3 uno y empat\u00f3 cuatro. Por supuesto, nunca se han enfrentado en un torneo oficial. El primer choque se remonta a 1953, en un amistoso disputado en Lisboa, donde Boca se llev\u00f3 la victoria por 1-0.<\/p>\n<\/div>\n<div class=\"custom-text \" readability=\"45\">\n<p>Desde entonces, los equipos se han enfrentado en varios partidos amistosos, siendo el m\u00e1s reciente en 1995 en Nueva Jersey, Estados Unidos. En ese partido, que formaba parte de la Copa Parmalat, Boca empat\u00f3 1-1 con el Benfica, con gol del central, Luis Medero. El encuentro se defini\u00f3 por penales, y el Xeneize gan\u00f3 3-2. Aquella ocasi\u00f3n fue especial porque participaron grandes \u00eddolos de la historia del club como Blas Giunta, el Vasco Arruabarena, Beto M\u00e1rcico y Manteca Mart\u00ednez.<\/p>\n<\/div>\n<div class=\"custom-text \" readability=\"32\">\n<p><strong>Primera vez ante Auckland<\/strong><\/p>\n<\/div>\n<div class=\"custom-text \" readability=\"37\">\n<p>Por \u00faltimo, nunca enfrent\u00f3 al adversario con el que cerrar\u00e1 el grupo, el Auckland City. El \u00fanico partido que Boca tiene contra un rival de Nueva Zelanda lo perdi\u00f3 y se jug\u00f3 en Ocean\u00eda. Fue ante el Wellington Phoenix, en el 2010 y el Xeneize dirigido por Claudio Borghi cay\u00f3 2-1.<\/p>\n<\/div>\n<div class=\"sc-a7166897-0 eoLsBE\" readability=\"6\">\n<section readability=\"2\"><picture><img alt=\"La FIFA promocion\u00f3 el Mundial de Clubes con Boca y otra vez se olvid\u00f3 de River\" loading=\"lazy\" width=\"290\" height=\"290\" decoding=\"async\" data-nimg=\"1\" src=\"http:\/\/hoycordobaweb.com\/wp-content\/uploads\/2025\/03\/atento-boca-una-nueva-baja-para-la-defensa-del-bayern-munich-3.jpg\"><\/picture>\n<p><span>Mir\u00e1 tambi\u00e9n<\/span><\/p>\n<hr>\n<h3>La FIFA promocion\u00f3 el Mundial de Clubes con Boca y otra vez se olvid\u00f3 de River<\/h3>\n<\/p>\n<\/section>\n<\/div>\n<div class=\"sc-a7166897-0 eoLsBE\" readability=\"6.5\">\n<section readability=\"3\"><picture><img alt=\"El problema para River, Boca y Messi justo antes del Mundial de Clubes\" loading=\"lazy\" width=\"290\" height=\"290\" decoding=\"async\" data-nimg=\"1\" src=\"http:\/\/hoycordobaweb.com\/wp-content\/uploads\/2025\/03\/atento-boca-una-nueva-baja-para-la-defensa-del-bayern-munich-4.jpg\"><\/picture>\n<p><span>Mir\u00e1 tambi\u00e9n<\/span><\/p>\n<hr>\n<h3>El problema para River, Boca y Messi justo antes del Mundial de Clubes<\/h3>\n<\/p>\n<\/section>\n<\/div>\n<div class=\"sc-a7166897-0 eoLsBE\" readability=\"6\">\n<section readability=\"2\"><picture><img alt=\"Mundial de Clubes 2025: los premios millonarios que recibir\u00e1n los equipos de la MLS\" loading=\"lazy\" width=\"290\" height=\"290\" decoding=\"async\" data-nimg=\"1\" src=\"http:\/\/hoycordobaweb.com\/wp-content\/uploads\/2025\/03\/atento-boca-una-nueva-baja-para-la-defensa-del-bayern-munich-5.jpg\"><\/picture>\n<p><span>Mir\u00e1 tambi\u00e9n<\/span><\/p>\n<hr>\n<h3>Mundial de Clubes 2025: los premios millonarios que recibir\u00e1n los equipos de la MLS<\/h3>\n<\/p>\n<\/section>\n<\/div>\n<div class=\"sc-a7166897-0 eoLsBE\" readability=\"6\">\n<section readability=\"2\"><picture><img alt=\"La figura del Bayern Munich que ser\u00e1 baja ante Boca en el Mundial de Clubes\" loading=\"lazy\" width=\"290\" height=\"290\" decoding=\"async\" data-nimg=\"1\" src=\"http:\/\/hoycordobaweb.com\/wp-content\/uploads\/2025\/03\/atento-boca-una-nueva-baja-para-la-defensa-del-bayern-munich-6.jpg\"><\/picture>\n<p><span>Mir\u00e1 tambi\u00e9n<\/span><\/p>\n<hr>\n<h3>La figura del Bayern Munich que ser\u00e1 baja ante Boca en el Mundial de Clubes<\/h3>\n<\/p>\n<\/section>\n<\/div>\n<div class=\"sc-a7166897-0 eoLsBE\" readability=\"7\">\n<section readability=\"4\"><picture><img alt=\"Pep Guardiola, sobre el dinero que recibir\u00e1 el City por jugar el Mundial de Clubes: &quot;No merecemos un bonus&quot;\" loading=\"lazy\" width=\"290\" height=\"290\" decoding=\"async\" data-nimg=\"1\" src=\"http:\/\/hoycordobaweb.com\/wp-content\/uploads\/2025\/03\/atento-boca-una-nueva-baja-para-la-defensa-del-bayern-munich-7.jpg\"><\/picture>\n<p><span>Mir\u00e1 tambi\u00e9n<\/span><\/p>\n<hr>\n<h3>Pep Guardiola, sobre el dinero que recibir\u00e1 el City por jugar el Mundial de Clubes: \u00abNo merecemos un bonus\u00bb<\/h3>\n<\/p>\n<\/section>\n<\/div>\n<\/div>\n","protected":false},"excerpt":{"rendered":"<p>30\/03\/2025 10:01hs. Actualizado al 30\/03\/2025 11:36hs. La noticia lleg\u00f3 a solo 82 d\u00edas del duelo en el Hard Rock Stadium de Miami por el Mundial de Clubes XXL. Y Boca qued\u00f3 expectante&#8230; Bayern Munich comunic\u00f3 este domingo una nueva baja en su zona defensiva por lo que resta de la temporada. El lateral japon\u00e9s Hiroki [&hellip;]<\/p>\n","protected":false},"author":1,"featured_media":100792,"comment_status":"open","ping_status":"closed","sticky":false,"template":"","format":"standard","meta":[],"categories":[16],"tags":[],"_links":{"self":[{"href":"http:\/\/hoycordobaweb.com\/index.php\/wp-json\/wp\/v2\/posts\/100791"}],"collection":[{"href":"http:\/\/hoycordobaweb.com\/index.php\/wp-json\/wp\/v2\/posts"}],"about":[{"href":"http:\/\/hoycordobaweb.com\/index.php\/wp-json\/wp\/v2\/types\/post"}],"author":[{"embeddable":true,"href":"http:\/\/hoycordobaweb.com\/index.php\/wp-json\/wp\/v2\/users\/1"}],"replies":[{"embeddable":true,"href":"http:\/\/hoycordobaweb.com\/index.php\/wp-json\/wp\/v2\/comments?post=100791"}],"version-history":[{"count":0,"href":"http:\/\/hoycordobaweb.com\/index.php\/wp-json\/wp\/v2\/posts\/100791\/revisions"}],"wp:featuredmedia":[{"embeddable":true,"href":"http:\/\/hoycordobaweb.com\/index.php\/wp-json\/wp\/v2\/media\/100792"}],"wp:attachment":[{"href":"http:\/\/hoycordobaweb.com\/index.php\/wp-json\/wp\/v2\/media?parent=100791"}],"wp:term":[{"taxonomy":"category","embeddable":true,"href":"http:\/\/hoycordobaweb.com\/index.php\/wp-json\/wp\/v2\/categories?post=100791"},{"taxonomy":"post_tag","embeddable":true,"href":"http:\/\/hoycordobaweb.com\/index.php\/wp-json\/wp\/v2\/tags?post=100791"}],"curies":[{"name":"wp","href":"https:\/\/api.w.org\/{rel}","templated":true}]}}