{"id":100719,"date":"2025-03-29T22:00:36","date_gmt":"2025-03-29T22:00:36","guid":{"rendered":"https:\/\/www.trendencias.com\/belleza\/esta-temporada-melena-boho-chic-reina-melenas-relajada-ondas-naturales"},"modified":"2025-03-29T22:00:36","modified_gmt":"2025-03-29T22:00:36","slug":"esta-temporada-la-melena-boho-chic-es-la-reina-de-las-melenas-relajada-y-con-ondas-naturales","status":"publish","type":"post","link":"http:\/\/hoycordobaweb.com\/index.php\/2025\/03\/29\/esta-temporada-la-melena-boho-chic-es-la-reina-de-las-melenas-relajada-y-con-ondas-naturales\/","title":{"rendered":"Esta temporada la melena boho chic es la reina de las melenas, relajada y con ondas naturales"},"content":{"rendered":"<p>Esta temporada <a class=\"text-outboundlink\" href=\"https:\/\/www.trendencias.com\/tendencias\/acaban-llegar-a-zara-blusas-boho-estilosas-para-estrenar-primavera\" data-vars-post-title=\"Acaban de llegar a Zara las blusas boho y rom\u00e1nticas m\u00e1s bonitas para lucir en primavera\" data-vars-post-url=\"https:\/\/www.trendencias.com\/tendencias\/acaban-llegar-a-zara-blusas-boho-estilosas-para-estrenar-primavera\">el estilo <em>boho chic<\/em> <\/a>ha vuelto con much\u00edsima fuerza y como era inevitable, este estilo tambi\u00e9n se ha trasladado al terreno beauty. Las melenas ser\u00e1n las grandes representantes del<strong> \u2018effortless chic\u2019 <\/strong>que se alejan de los acabados perfectos para dar paso a los acabados naturales.<\/p>\n<p><!-- BREAK 1 --> <\/p>\n<div class=\"article-asset article-asset-normal article-asset-center\">\n<div class=\"desvio-container\">\n<div class=\"desvio\">\n<div class=\"desvio-figure js-desvio-figure\"> <a href=\"https:\/\/www.trendencias.com\/belleza\/despues-usar-aceite-rosa-mosqueta-mercadona-durante-mes-tengo-veredicto-mi-piel-esta-extra-jugosa-repetire-seguro\" class=\"pivot-outboundlink\" data-vars-post-title=\"Despu\u00e9s usar el aceite de rosa de mosqueta de Mercadona durante un mes, tengo un veredicto: mi piel est\u00e1 extra jugosa y repetir\u00e9 seguro \"> <img loading=\"lazy\" alt=\"Despu\u00e9s usar el aceite de rosa de mosqueta de Mercadona durante un mes, tengo un veredicto: mi piel est\u00e1 extra jugosa y repetir\u00e9 seguro \" width=\"375\" height=\"142\" src=\"http:\/\/hoycordobaweb.com\/wp-content\/uploads\/2025\/03\/esta-temporada-la-melena-boho-chic-es-la-reina-de-las-melenas-relajada-y-con-ondas-naturales.jpg\"> <\/a> <\/div><\/div><\/div>\n<\/div>\n<p>Si algo nos gusta mucho tanto en los peinados como en el maquillaje, <strong>es esa apariencia de que algo luce as\u00ed de natural<\/strong>, sin esfuerzo y sin demasiada dedicaci\u00f3n. Las melenas m\u00e1s bonitas que hemos visto esta temporada son las del desfile de Zimmermann, que han lucido largas, con ondas rotas y cepilladas, muy relajadas y atractivas.<\/p>\n<p><!-- BREAK 2 --><\/p>\n<div class=\"article-asset-image article-asset-normal article-asset-center\">\n<div class=\"asset-content\"> <img class=\"centro_sinmarco\" height=\"1980\" width=\"1320\" loading=\"lazy\" decoding=\"async\" sizes=\"100vw\" fetchpriority=\"high\" srcset=\"http:\/\/hoycordobaweb.com\/wp-content\/uploads\/2025\/03\/esta-temporada-la-melena-boho-chic-es-la-reina-de-las-melenas-relajada-y-con-ondas-naturales-1.jpg 450w, http:\/\/hoycordobaweb.com\/wp-content\/uploads\/2025\/03\/esta-temporada-la-melena-boho-chic-es-la-reina-de-las-melenas-relajada-y-con-ondas-naturales-5.jpg 681w, http:\/\/hoycordobaweb.com\/wp-content\/uploads\/2025\/03\/esta-temporada-la-melena-boho-chic-es-la-reina-de-las-melenas-relajada-y-con-ondas-naturales-6.jpg 1024w, http:\/\/hoycordobaweb.com\/wp-content\/uploads\/2025\/03\/esta-temporada-la-melena-boho-chic-es-la-reina-de-las-melenas-relajada-y-con-ondas-naturales-7.jpg 1366w\" src=\"http:\/\/hoycordobaweb.com\/wp-content\/uploads\/2025\/03\/esta-temporada-la-melena-boho-chic-es-la-reina-de-las-melenas-relajada-y-con-ondas-naturales-1.jpg\" alt=\"Zimmermann Clp F25 049\"> <noscript><img alt=\"Zimmermann Clp F25 049\" class=\"centro_sinmarco\" src=\"http:\/\/hoycordobaweb.com\/wp-content\/uploads\/2025\/03\/esta-temporada-la-melena-boho-chic-es-la-reina-de-las-melenas-relajada-y-con-ondas-naturales-1.jpg\"><\/noscript> <\/div>\n<\/div>\n<p>La melena <em>boho hair<\/em> es un estilo capilar muy rom\u00e1ntico y atractivo que<strong> se inspira en las naturales melenas setenteras<\/strong>, que se dejaban secar al aire. Por eso, consegu\u00edan esa textura natural y despreocupada que nada tiene que ver con ondas sofisticadas y pulidas. Este rollo es todo lo contrario,<strong> las ondas deben ser suaves y despeinadas<\/strong>, el mismo efecto que se logra tras un d\u00eda de playa.<\/p>\n<p><!-- BREAK 3 --> <\/p>\n<div class=\"article-asset-image article-asset-normal article-asset-center\">\n<div class=\"asset-content\"> <img class=\"centro_sinmarco\" height=\"1980\" width=\"1320\" loading=\"lazy\" decoding=\"async\" sizes=\"100vw\" fetchpriority=\"high\" srcset=\"http:\/\/hoycordobaweb.com\/wp-content\/uploads\/2025\/03\/esta-temporada-la-melena-boho-chic-es-la-reina-de-las-melenas-relajada-y-con-ondas-naturales-2.jpg 450w, http:\/\/hoycordobaweb.com\/wp-content\/uploads\/2025\/03\/esta-temporada-la-melena-boho-chic-es-la-reina-de-las-melenas-relajada-y-con-ondas-naturales-8.jpg 681w, http:\/\/hoycordobaweb.com\/wp-content\/uploads\/2025\/03\/esta-temporada-la-melena-boho-chic-es-la-reina-de-las-melenas-relajada-y-con-ondas-naturales-9.jpg 1024w, http:\/\/hoycordobaweb.com\/wp-content\/uploads\/2025\/03\/esta-temporada-la-melena-boho-chic-es-la-reina-de-las-melenas-relajada-y-con-ondas-naturales-10.jpg 1366w\" src=\"http:\/\/hoycordobaweb.com\/wp-content\/uploads\/2025\/03\/esta-temporada-la-melena-boho-chic-es-la-reina-de-las-melenas-relajada-y-con-ondas-naturales-2.jpg\" alt=\"Zimmermann Clp F25 008\"> <noscript><img alt=\"Zimmermann Clp F25 008\" class=\"centro_sinmarco\" src=\"http:\/\/hoycordobaweb.com\/wp-content\/uploads\/2025\/03\/esta-temporada-la-melena-boho-chic-es-la-reina-de-las-melenas-relajada-y-con-ondas-naturales-2.jpg\"><\/noscript> <\/div>\n<\/div>\n<p>Para quienes tienen el cabello ondulado de forma natural ser\u00e1 m\u00e1s sencillo, ya que pueden optar por dejar que la melena se seque sola y vayan saliendo las ondas, o pueden apostar por <strong>secar el cabello con secador y difusor <\/strong>para marcar a\u00fan m\u00e1s la onda. En cualquier caso, vendr\u00e1 fenomenal aplicar un <a class=\"text-outboundlink\" href=\"https:\/\/www.trendencias.com\/belleza\/11-productos-para-texturizar-cabello-conseguir-melena-playera-deseada-verano\" data-vars-post-title=\"11 productos para texturizar el cabello y conseguir la melena playera m\u00e1s deseada del verano\" data-vars-post-url=\"https:\/\/www.trendencias.com\/belleza\/11-productos-para-texturizar-cabello-conseguir-melena-playera-deseada-verano\">producto texturizante<\/a> para que la melena se vea m\u00e1s voluminosa y con cuerpo.<\/p>\n<p><!-- BREAK 4 --><\/p>\n<div class=\"article-asset-image article-asset-normal article-asset-center\">\n<div class=\"asset-content\"> <img class=\"centro_sinmarco\" height=\"1980\" width=\"1320\" loading=\"lazy\" decoding=\"async\" sizes=\"100vw\" fetchpriority=\"high\" srcset=\"http:\/\/hoycordobaweb.com\/wp-content\/uploads\/2025\/03\/esta-temporada-la-melena-boho-chic-es-la-reina-de-las-melenas-relajada-y-con-ondas-naturales-3.jpg 450w, http:\/\/hoycordobaweb.com\/wp-content\/uploads\/2025\/03\/esta-temporada-la-melena-boho-chic-es-la-reina-de-las-melenas-relajada-y-con-ondas-naturales-11.jpg 681w, http:\/\/hoycordobaweb.com\/wp-content\/uploads\/2025\/03\/esta-temporada-la-melena-boho-chic-es-la-reina-de-las-melenas-relajada-y-con-ondas-naturales-12.jpg 1024w, http:\/\/hoycordobaweb.com\/wp-content\/uploads\/2025\/03\/esta-temporada-la-melena-boho-chic-es-la-reina-de-las-melenas-relajada-y-con-ondas-naturales-13.jpg 1366w\" src=\"http:\/\/hoycordobaweb.com\/wp-content\/uploads\/2025\/03\/esta-temporada-la-melena-boho-chic-es-la-reina-de-las-melenas-relajada-y-con-ondas-naturales-3.jpg\" alt=\"Zimmermann Bks F25 178\"> <noscript><img alt=\"Zimmermann Bks F25 178\" class=\"centro_sinmarco\" src=\"http:\/\/hoycordobaweb.com\/wp-content\/uploads\/2025\/03\/esta-temporada-la-melena-boho-chic-es-la-reina-de-las-melenas-relajada-y-con-ondas-naturales-3.jpg\"><\/noscript> <\/div>\n<\/div>\n<p>En el caso de <strong>las melenas lisas <\/strong>habr\u00e1 que aliarse con un rizador, marcando de forma suave los mechones, o llevar a cabo alg\u00fan m\u00e9todo para <a class=\"text-outboundlink\" href=\"https:\/\/www.trendencias.com\/belleza\/rulos-ondas-rizos-calor-consejos-para-peinado-ondulado-perfecto\" data-vars-post-title=\"Rulos, ondas y rizos sin calor: consejos para un peinado ondulado perfecto\" data-vars-post-url=\"https:\/\/www.trendencias.com\/belleza\/rulos-ondas-rizos-calor-consejos-para-peinado-ondulado-perfecto\">hacer ondas sin calor<\/a>, como son las trenzas, una de nuestras formas favoritas sin duda. Para finalizar, ser\u00e1 de gran ayuda un <a class=\"text-outboundlink\" href=\"https:\/\/www.trendencias.com\/belleza\/spray-pelo-que-todas-mujeres-adoran-tambien-existe-version-curly-mantiene-encrespamiento-a-raya-durante-dias\" data-vars-post-title=\"El spray de pelo que todas las mujeres adoran tambi\u00e9n existe en versi\u00f3n curly y mantiene el encrespamiento a raya durante d\u00edas\" data-vars-post-url=\"https:\/\/www.trendencias.com\/belleza\/spray-pelo-que-todas-mujeres-adoran-tambien-existe-version-curly-mantiene-encrespamiento-a-raya-durante-dias\">spray antiencrespamiento<\/a> para controlar la textura, y no pasar de un meditado aspecto <em>messy<\/em> a uno poco cuidado.<\/p>\n<p><!-- BREAK 5 --><\/p>\n<p>Fotos | <a rel=\"noopener, noreferrer\" href=\"https:\/\/imaxtree.launchmetrics.com\/\" data-id=\"noopener, noreferrer\">Launchmetrics Spotlight<\/a><\/p>\n<p>En Trendencias | <a class=\"text-outboundlink\" href=\"https:\/\/www.trendencias.com\/belleza\/todo-coloracion-pelo-colores-tendencia-consejos-11-tintes-recomendados\" data-vars-post-title=\"Todo sobre la coloraci\u00f3n del pelo: los colores tendencia, consejos y 12 tintes recomendados \" data-vars-post-url=\"https:\/\/www.trendencias.com\/belleza\/todo-coloracion-pelo-colores-tendencia-consejos-11-tintes-recomendados\">Todo sobre la coloraci\u00f3n del pelo: los colores tendencia, consejos y 12 tintes recomendados<\/a><\/p>\n<p>En Trendencias | <a class=\"text-outboundlink\" href=\"https:\/\/www.trendencias.com\/belleza\/tendencias-cortes-media-melena-2024\" data-vars-post-title=\"Tendencias en cortes de media melena 2025: lo que m\u00e1s se pide en las peluquer\u00edas\" data-vars-post-url=\"https:\/\/www.trendencias.com\/belleza\/tendencias-cortes-media-melena-2024\">Tendencias en cortes de media melena 2025: lo que m\u00e1s se pide en las peluquer\u00edas<\/a><\/p>\n<p>En Trendencias | <a class=\"text-outboundlink\" href=\"https:\/\/www.trendencias.com\/belleza\/14-mejores-peinados-pelo-corto-para-mujer-que-se-llevan\" data-vars-post-title=\"Los 14 mejores peinados de pelo corto para mujer que m\u00e1s se llevan en 2025\" data-vars-post-url=\"https:\/\/www.trendencias.com\/belleza\/14-mejores-peinados-pelo-corto-para-mujer-que-se-llevan\">Los 14 mejores peinados de pelo corto para mujer que m\u00e1s se llevan en 2025<\/a><\/p>\n","protected":false},"excerpt":{"rendered":"<p>Esta temporada el estilo boho chic ha vuelto con much\u00edsima fuerza y como era inevitable, este estilo tambi\u00e9n se ha trasladado al terreno beauty. Las melenas ser\u00e1n las grandes representantes del \u2018effortless chic\u2019 que se alejan de los acabados perfectos para dar paso a los acabados naturales. Si algo nos gusta mucho tanto en los [&hellip;]<\/p>\n","protected":false},"author":1,"featured_media":100720,"comment_status":"closed","ping_status":"closed","sticky":false,"template":"","format":"standard","meta":[],"categories":[],"tags":[],"_links":{"self":[{"href":"http:\/\/hoycordobaweb.com\/index.php\/wp-json\/wp\/v2\/posts\/100719"}],"collection":[{"href":"http:\/\/hoycordobaweb.com\/index.php\/wp-json\/wp\/v2\/posts"}],"about":[{"href":"http:\/\/hoycordobaweb.com\/index.php\/wp-json\/wp\/v2\/types\/post"}],"author":[{"embeddable":true,"href":"http:\/\/hoycordobaweb.com\/index.php\/wp-json\/wp\/v2\/users\/1"}],"replies":[{"embeddable":true,"href":"http:\/\/hoycordobaweb.com\/index.php\/wp-json\/wp\/v2\/comments?post=100719"}],"version-history":[{"count":0,"href":"http:\/\/hoycordobaweb.com\/index.php\/wp-json\/wp\/v2\/posts\/100719\/revisions"}],"wp:featuredmedia":[{"embeddable":true,"href":"http:\/\/hoycordobaweb.com\/index.php\/wp-json\/wp\/v2\/media\/100720"}],"wp:attachment":[{"href":"http:\/\/hoycordobaweb.com\/index.php\/wp-json\/wp\/v2\/media?parent=100719"}],"wp:term":[{"taxonomy":"category","embeddable":true,"href":"http:\/\/hoycordobaweb.com\/index.php\/wp-json\/wp\/v2\/categories?post=100719"},{"taxonomy":"post_tag","embeddable":true,"href":"http:\/\/hoycordobaweb.com\/index.php\/wp-json\/wp\/v2\/tags?post=100719"}],"curies":[{"name":"wp","href":"https:\/\/api.w.org\/{rel}","templated":true}]}}