{"id":100717,"date":"2025-03-30T05:00:36","date_gmt":"2025-03-30T05:00:36","guid":{"rendered":"https:\/\/www.trendencias.com\/shopping\/playa-a-ciudad-cinco-capazos-versatiles-mucho-estilo-que-nos-acompanaran-vacaciones-semana-santa"},"modified":"2025-03-30T05:00:36","modified_gmt":"2025-03-30T05:00:36","slug":"de-la-playa-a-la-ciudad-cinco-capazos-versatiles-y-con-mucho-estilo-que-nos-acompanaran-en-las-vacaciones-de-semana-santa","status":"publish","type":"post","link":"http:\/\/hoycordobaweb.com\/index.php\/2025\/03\/30\/de-la-playa-a-la-ciudad-cinco-capazos-versatiles-y-con-mucho-estilo-que-nos-acompanaran-en-las-vacaciones-de-semana-santa\/","title":{"rendered":"De la playa a la ciudad: cinco capazos vers\u00e1tiles y con mucho estilo que nos acompa\u00f1ar\u00e1n en las vacaciones de Semana Santa"},"content":{"rendered":"<p>Llegan las vacaciones de Semana Santa y lo \u00fanico en lo que pensamos es en los <em>looks<\/em> que llevaremos en la maleta. Mientras los preparamos, <strong>buscamos un bolso vers\u00e1til que combine con todo<\/strong>. No importa si el destino es la <a class=\"text-outboundlink\" href=\"https:\/\/www.trendencias.com\/shopping\/como-vestir-playa-arena-al-chiringuito-bikinis-banadores-vestidos-playeros\" data-vars-post-title=\"C\u00f3mo vestir en la playa, de la arena al chiringuito (bikinis, ba\u00f1adores, vestidos playeros y m\u00e1s)\" data-vars-post-url=\"https:\/\/www.trendencias.com\/shopping\/como-vestir-playa-arena-al-chiringuito-bikinis-banadores-vestidos-playeros\">playa<\/a> o una ciudad de interior, porque los capazos siempre son una apuesta segura.<\/p>\n<p><!-- BREAK 1 --> <\/p>\n<p>En El Corte Ingl\u00e9s he fichado varios modelos con el tama\u00f1o perfecto para llevarlo todo con nosotras. <strong>Sus dise\u00f1os son discretos, pero cuentan con detalles que los hacen \u00fanicos y especiales<\/strong>. Adem\u00e1s, cuando vuelvas a la rutina, tambi\u00e9n ser\u00e1n tus aliados ideales para completar los <em>looks<\/em> de <a class=\"text-outboundlink\" href=\"https:\/\/www.trendencias.com\/shopping\/como-vestir-oficina-verano-ropa-calzado-accesorios\" data-vars-post-title=\"C\u00f3mo vestir en la oficina en verano: ropa, calzado y accesorios\" data-vars-post-url=\"https:\/\/www.trendencias.com\/shopping\/como-vestir-oficina-verano-ropa-calzado-accesorios\">oficina<\/a>.<\/p>\n<p><!-- BREAK 2 --><\/p>\n<div class=\"article-asset article-asset-normal article-asset-center\">\n<div class=\"desvio-container\">\n<div class=\"desvio\">\n<div class=\"desvio-figure js-desvio-figure\"> <a href=\"https:\/\/www.xataka.com\/seleccion\/todo-mundo-cocinando-carne-sarten-cuando-resulta-que-hamburguesas-se-pueden-hacer-microondas\" class=\"pivot-outboundlink\" target=\"_blank\" data-vars-post-title=\"Todo el mundo cocinando carne en una sart\u00e9n cuando resulta que las hamburguesas se pueden hacer en el microondas\" rel=\"noopener noreferrer\"> <img loading=\"lazy\" alt=\"Todo el mundo cocinando carne en una sart\u00e9n cuando resulta que las hamburguesas se pueden hacer en el microondas\" width=\"375\" height=\"142\" src=\"http:\/\/hoycordobaweb.com\/wp-content\/uploads\/2025\/03\/de-la-playa-a-la-ciudad-cinco-capazos-versatiles-y-con-mucho-estilo-que-nos-acompanaran-en-las-vacaciones-de-semana-santa.jpg\"> <\/a> <\/div><\/div><\/div>\n<\/div>\n<h2>Cinco capazos vers\u00e1tiles, con mucho espacio y estilo<\/h2>\n<h3>Bolso estilo capazo Tous<\/h3>\n<div class=\"article-asset-image article-asset-normal article-asset-center\">\n<div class=\"asset-content\"> <a rel=\"nofollow, sponsored, noopener, noreferrer noopener\" target=\"_blank\" class=\"js-ecommerce\" id=\"link-ecommerce-1\" href=\"https:\/\/www.trendencias.com\/redirect?url=https%3A%2F%2Fwww.elcorteingles.es%2Fmoda-mujer%2FA53428108-bolso-capazo-mediano-de-rafia-con-cierre-de-cordones-y-asa-regulable%2F%3FparentCategoryId%3D999.39072347013%26color%3DCamel&amp;category=shopping&amp;ecomPostExpiration=everlasting&amp;postId=641721\" data-vars-affiliate-url=\"https:\/\/www.elcorteingles.es\/moda-mujer\/A53428108-bolso-capazo-mediano-de-rafia-con-cierre-de-cordones-y-asa-regulable\/?parentCategoryId=999.39072347013&amp;color=Camel\"> <img class=\"centro_sinmarco\" height=\"900\" width=\"725\" loading=\"lazy\" decoding=\"async\" sizes=\"100vw\" fetchpriority=\"high\" srcset=\"http:\/\/hoycordobaweb.com\/wp-content\/uploads\/2025\/03\/de-la-playa-a-la-ciudad-cinco-capazos-versatiles-y-con-mucho-estilo-que-nos-acompanaran-en-las-vacaciones-de-semana-santa-1.jpg 450w, http:\/\/hoycordobaweb.com\/wp-content\/uploads\/2025\/03\/de-la-playa-a-la-ciudad-cinco-capazos-versatiles-y-con-mucho-estilo-que-nos-acompanaran-en-las-vacaciones-de-semana-santa-14.jpg 681w, http:\/\/hoycordobaweb.com\/wp-content\/uploads\/2025\/03\/de-la-playa-a-la-ciudad-cinco-capazos-versatiles-y-con-mucho-estilo-que-nos-acompanaran-en-las-vacaciones-de-semana-santa-15.jpg 1024w, http:\/\/hoycordobaweb.com\/wp-content\/uploads\/2025\/03\/de-la-playa-a-la-ciudad-cinco-capazos-versatiles-y-con-mucho-estilo-que-nos-acompanaran-en-las-vacaciones-de-semana-santa-16.jpg 1366w\" src=\"http:\/\/hoycordobaweb.com\/wp-content\/uploads\/2025\/03\/de-la-playa-a-la-ciudad-cinco-capazos-versatiles-y-con-mucho-estilo-que-nos-acompanaran-en-las-vacaciones-de-semana-santa-1.jpg\" alt=\"tous\"> <noscript><img alt=\"tous\" class=\"centro_sinmarco\" src=\"http:\/\/hoycordobaweb.com\/wp-content\/uploads\/2025\/03\/de-la-playa-a-la-ciudad-cinco-capazos-versatiles-y-con-mucho-estilo-que-nos-acompanaran-en-las-vacaciones-de-semana-santa-1.jpg\"><\/noscript> <\/a> <\/div>\n<\/div>\n<p>Esta propuesta de <a class=\"text-outboundlink\" href=\"https:\/\/www.trendencias.com\/shopping\/todo-que-tienes-que-saber-bolsos-tous-donde-se-fabrican-como-saber-original\" data-vars-post-title=\"Todo lo que tienes que saber sobre los bolsos Tous | \u00bfD\u00f3nde se fabrican? \u00bfC\u00f3mo saber si es original? Y mucho m\u00e1s \" data-vars-post-url=\"https:\/\/www.trendencias.com\/shopping\/todo-que-tienes-que-saber-bolsos-tous-donde-se-fabrican-como-saber-original\">Tous<\/a> en tono marr\u00f3n es elegante y acertada. Est\u00e1 confeccionada con rafia y papel reciclado, apostando por la sostenibilidad, y <strong>su forma original la convierte en el centro de cualquier <\/strong><em><strong>look<\/strong><\/em>. Adem\u00e1s, cuenta con dos asas de mano fijas y una correa larga, permitiendo llevarlo c\u00f3modamente como bandolera. Su precio en El Corte Ingl\u00e9s es <a rel=\"nofollow, sponsored, noopener, noreferrer noopener\" target=\"_blank\" class=\"js-ecommerce\" id=\"link-ecommerce-2\" href=\"https:\/\/www.trendencias.com\/redirect?url=https%3A%2F%2Fwww.elcorteingles.es%2Fmoda-mujer%2FA53428108-bolso-capazo-mediano-de-rafia-con-cierre-de-cordones-y-asa-regulable%2F%3FparentCategoryId%3D999.39072347013%26color%3DCamel&amp;category=shopping&amp;ecomPostExpiration=everlasting&amp;postId=641721\" data-vars-affiliate-url=\"https:\/\/www.elcorteingles.es\/moda-mujer\/A53428108-bolso-capazo-mediano-de-rafia-con-cierre-de-cordones-y-asa-regulable\/?parentCategoryId=999.39072347013&amp;color=Camel\">159 euros<\/a>.<\/p>\n<p><!-- BREAK 3 --> <!-- PIVOT START --><\/p>\n<div class=\"pivot-ecommerce-container m-pivot-ecommerce-redesign article-asset-normal article-asset-center\" readability=\"21.333333333333\">\n<div class=\"pivot-ecommerce\">\n<div class=\"pivot-ecommerce-figure\"> <a rel=\"nofollow, sponsored, noopener, noreferrer noopener\" target=\"_blank\" href=\"https:\/\/www.trendencias.com\/redirect?url=https%3A%2F%2Fwww.elcorteingles.es%2Fmoda-mujer%2FA53428108-bolso-capazo-mediano-de-rafia-con-cierre-de-cordones-y-asa-regulable%2F%3FparentCategoryId%3D999.39072347013%26color%3DCamel&amp;category=shopping&amp;pivot=1&amp;ecomPostExpiration=everlasting&amp;postId=641721\"> <img loading=\"lazy\" alt=\"Capazo Tous\" width=\"725\" height=\"725\" src=\"http:\/\/hoycordobaweb.com\/wp-content\/uploads\/2025\/03\/de-la-playa-a-la-ciudad-cinco-capazos-versatiles-y-con-mucho-estilo-que-nos-acompanaran-en-las-vacaciones-de-semana-santa-2.jpg\"> <\/a> <\/div>\n<div class=\"pivot-ecommerce-summary\">\n<p class=\"pivot-ecommerce-desc\">Capazo Tous<\/p>\n<\/p><\/div><\/div>\n<p>* Alg\u00fan precio puede haber cambiado desde la \u00faltima revisi\u00f3n<\/p>\n<\/p><\/div>\n<p><!-- PIVOT END --><\/p>\n<h3>Bolso estilo capazo Adolfo Dom\u00ednguez<\/h3>\n<div class=\"article-asset-image article-asset-normal article-asset-center\">\n<div class=\"asset-content\"> <a rel=\"nofollow, sponsored, noopener, noreferrer noopener\" target=\"_blank\" class=\"js-ecommerce\" id=\"link-ecommerce-3\" href=\"https:\/\/www.trendencias.com\/redirect?url=https%3A%2F%2Fwww.elcorteingles.es%2Fmoda-mujer%2FMP_0436790_266302029251-capazo-de-mujer-maxi-eclipse%2F%3FparentCategoryId%3D999.39072347013%26color%3DMarr%25C3%25B3n&amp;category=shopping&amp;ecomPostExpiration=everlasting&amp;postId=641721\" data-vars-affiliate-url=\"https:\/\/www.elcorteingles.es\/moda-mujer\/MP_0436790_266302029251-capazo-de-mujer-maxi-eclipse\/?parentCategoryId=999.39072347013&amp;color=Marr%C3%B3n\"> <img class=\"centro_sinmarco\" height=\"1200\" width=\"960\" loading=\"lazy\" decoding=\"async\" sizes=\"100vw\" fetchpriority=\"high\" srcset=\"http:\/\/hoycordobaweb.com\/wp-content\/uploads\/2025\/03\/de-la-playa-a-la-ciudad-cinco-capazos-versatiles-y-con-mucho-estilo-que-nos-acompanaran-en-las-vacaciones-de-semana-santa-3.jpg 450w, http:\/\/hoycordobaweb.com\/wp-content\/uploads\/2025\/03\/de-la-playa-a-la-ciudad-cinco-capazos-versatiles-y-con-mucho-estilo-que-nos-acompanaran-en-las-vacaciones-de-semana-santa-17.jpg 681w, http:\/\/hoycordobaweb.com\/wp-content\/uploads\/2025\/03\/de-la-playa-a-la-ciudad-cinco-capazos-versatiles-y-con-mucho-estilo-que-nos-acompanaran-en-las-vacaciones-de-semana-santa-18.jpg 1024w, http:\/\/hoycordobaweb.com\/wp-content\/uploads\/2025\/03\/de-la-playa-a-la-ciudad-cinco-capazos-versatiles-y-con-mucho-estilo-que-nos-acompanaran-en-las-vacaciones-de-semana-santa-19.jpg 1366w\" src=\"http:\/\/hoycordobaweb.com\/wp-content\/uploads\/2025\/03\/de-la-playa-a-la-ciudad-cinco-capazos-versatiles-y-con-mucho-estilo-que-nos-acompanaran-en-las-vacaciones-de-semana-santa-3.jpg\" alt=\"Www 8445574343375 00\"> <noscript><img alt=\"Www 8445574343375 00\" class=\"centro_sinmarco\" src=\"http:\/\/hoycordobaweb.com\/wp-content\/uploads\/2025\/03\/de-la-playa-a-la-ciudad-cinco-capazos-versatiles-y-con-mucho-estilo-que-nos-acompanaran-en-las-vacaciones-de-semana-santa-3.jpg\"><\/noscript> <\/a> <\/div>\n<\/div>\n<p>Este <a class=\"text-outboundlink\" href=\"https:\/\/www.trendencias.com\/shopping\/que-bolso-shopper-tipos-usos-cual-comprar\" data-vars-post-title=\"Qu\u00e9 es un bolso shopper (tipos, usos y cu\u00e1l comprar)\" data-vars-post-url=\"https:\/\/www.trendencias.com\/shopping\/que-bolso-shopper-tipos-usos-cual-comprar\">bolso<\/a> estilo capazo de Adolfo Dom\u00ednguez es una novedad que combina a la perfecci\u00f3n estilo y versatilidad. Se trata de una opci\u00f3n maxi, confeccionada en piel responsable, con<strong> dos piezas entrecruzadas que aportan originalidad y un dise\u00f1o \u00fanico<\/strong>, ideal para elevar cualquier conjunto. Sus asas est\u00e1n dise\u00f1adas para llevar al hombro y su cierre es tipo saco. El precio en El Corte Ingl\u00e9s es <a rel=\"nofollow, sponsored, noopener, noreferrer noopener\" target=\"_blank\" class=\"js-ecommerce\" id=\"link-ecommerce-4\" href=\"https:\/\/www.trendencias.com\/redirect?url=https%3A%2F%2Fwww.elcorteingles.es%2Fmoda-mujer%2FMP_0436790_266302029251-capazo-de-mujer-maxi-eclipse%2F%3FparentCategoryId%3D999.39072347013%26color%3DMarr%25C3%25B3n&amp;category=shopping&amp;ecomPostExpiration=everlasting&amp;postId=641721\" data-vars-affiliate-url=\"https:\/\/www.elcorteingles.es\/moda-mujer\/MP_0436790_266302029251-capazo-de-mujer-maxi-eclipse\/?parentCategoryId=999.39072347013&amp;color=Marr%C3%B3n\">299 euros<\/a>.<\/p>\n<p><!-- BREAK 4 --><!-- PIVOT START --><\/p>\n<div class=\"pivot-ecommerce-container m-pivot-ecommerce-redesign article-asset-normal article-asset-center\" readability=\"22.925373134328\">\n<div class=\"pivot-ecommerce\" readability=\"2.7428571428571\">\n<div class=\"pivot-ecommerce-figure\"> <a rel=\"nofollow, sponsored, noopener, noreferrer noopener\" target=\"_blank\" href=\"https:\/\/www.trendencias.com\/redirect?url=https%3A%2F%2Fwww.elcorteingles.es%2Fmoda-mujer%2FMP_0436790_266302029251-capazo-de-mujer-maxi-eclipse%2F%3FparentCategoryId%3D999.39072347013%26color%3DMarr%25C3%25B3n&amp;category=shopping&amp;pivot=1&amp;ecomPostExpiration=everlasting&amp;postId=641721\"> <img loading=\"lazy\" alt=\"Bolso Adolfo Dom\u00ednguez Eclipse \" width=\"960\" height=\"960\" src=\"http:\/\/hoycordobaweb.com\/wp-content\/uploads\/2025\/03\/de-la-playa-a-la-ciudad-cinco-capazos-versatiles-y-con-mucho-estilo-que-nos-acompanaran-en-las-vacaciones-de-semana-santa-4.jpg\"> <\/a> <\/div>\n<div class=\"pivot-ecommerce-summary\" readability=\"3.2\">\n<p class=\"pivot-ecommerce-desc\">Bolso Adolfo Dom\u00ednguez Eclipse <\/p>\n<\/p><\/div><\/div>\n<p>* Alg\u00fan precio puede haber cambiado desde la \u00faltima revisi\u00f3n<\/p>\n<\/p><\/div>\n<p><!-- PIVOT END --><\/p>\n<h3>Bolso estilo capazo Mercules<\/h3>\n<div class=\"article-asset-image article-asset-normal article-asset-center\">\n<div class=\"asset-content\"> <a rel=\"nofollow, sponsored, noopener, noreferrer noopener\" target=\"_blank\" class=\"js-ecommerce\" id=\"link-ecommerce-5\" href=\"https:\/\/www.trendencias.com\/redirect?url=https%3A%2F%2Fwww.elcorteingles.es%2Fmoda-mujer%2FMP_0010524_8435633119461-capazo-de-hoja-de-palma-basket-tote-con-tiras-de-piel%2F%3FparentCategoryId%3D999.39072347013%26color%3DRojo&amp;category=shopping&amp;ecomPostExpiration=everlasting&amp;postId=641721\" data-vars-affiliate-url=\"https:\/\/www.elcorteingles.es\/moda-mujer\/MP_0010524_8435633119461-capazo-de-hoja-de-palma-basket-tote-con-tiras-de-piel\/?parentCategoryId=999.39072347013&amp;color=Rojo\"> <img class=\"centro_sinmarco\" height=\"1200\" width=\"967\" loading=\"lazy\" decoding=\"async\" sizes=\"100vw\" fetchpriority=\"high\" srcset=\"http:\/\/hoycordobaweb.com\/wp-content\/uploads\/2025\/03\/de-la-playa-a-la-ciudad-cinco-capazos-versatiles-y-con-mucho-estilo-que-nos-acompanaran-en-las-vacaciones-de-semana-santa-5.jpg 450w, http:\/\/hoycordobaweb.com\/wp-content\/uploads\/2025\/03\/de-la-playa-a-la-ciudad-cinco-capazos-versatiles-y-con-mucho-estilo-que-nos-acompanaran-en-las-vacaciones-de-semana-santa-20.jpg 681w, http:\/\/hoycordobaweb.com\/wp-content\/uploads\/2025\/03\/de-la-playa-a-la-ciudad-cinco-capazos-versatiles-y-con-mucho-estilo-que-nos-acompanaran-en-las-vacaciones-de-semana-santa-21.jpg 1024w, http:\/\/hoycordobaweb.com\/wp-content\/uploads\/2025\/03\/de-la-playa-a-la-ciudad-cinco-capazos-versatiles-y-con-mucho-estilo-que-nos-acompanaran-en-las-vacaciones-de-semana-santa-22.jpg 1366w\" src=\"http:\/\/hoycordobaweb.com\/wp-content\/uploads\/2025\/03\/de-la-playa-a-la-ciudad-cinco-capazos-versatiles-y-con-mucho-estilo-que-nos-acompanaran-en-las-vacaciones-de-semana-santa-5.jpg\" alt=\"Www 8435633119478 00\"> <noscript><img alt=\"Www 8435633119478 00\" class=\"centro_sinmarco\" src=\"http:\/\/hoycordobaweb.com\/wp-content\/uploads\/2025\/03\/de-la-playa-a-la-ciudad-cinco-capazos-versatiles-y-con-mucho-estilo-que-nos-acompanaran-en-las-vacaciones-de-semana-santa-5.jpg\"><\/noscript> <\/a> <\/div>\n<\/div>\n<p>Mercules firma un capazo con detalles coloridos que combina la artesan\u00eda espa\u00f1ola con estilo. Est\u00e1 elaborado con hojas de palma y correas de piel, <strong>logrando un equilibrio perfecto entre practicidad y elegancia para cualquier ocasi\u00f3n<\/strong>. Adem\u00e1s, su tama\u00f1o extra grande lo convierte en el aliado ideal para la playa, permitiendo llevar desde el neceser con b\u00e1sicos hasta la <a class=\"text-outboundlink\" href=\"https:\/\/www.compradiccion.com\/guia-de-compras\/como-limpiar-toallas-trucos-productos-todo-que-necesitas\" data-vars-post-title=\"C\u00f3mo limpiar las toallas: trucos, productos y todo lo que necesitas\" data-vars-post-url=\"https:\/\/www.compradiccion.com\/guia-de-compras\/como-limpiar-toallas-trucos-productos-todo-que-necesitas\">toalla<\/a>. El precio en El Corte Ingl\u00e9s es <a rel=\"nofollow, sponsored, noopener, noreferrer noopener\" target=\"_blank\" class=\"js-ecommerce\" id=\"link-ecommerce-6\" href=\"https:\/\/www.trendencias.com\/redirect?url=https%3A%2F%2Fwww.elcorteingles.es%2Fmoda-mujer%2FMP_0010524_8435633119461-capazo-de-hoja-de-palma-basket-tote-con-tiras-de-piel%2F%3FparentCategoryId%3D999.39072347013%26color%3DRojo&amp;category=shopping&amp;ecomPostExpiration=everlasting&amp;postId=641721\" data-vars-affiliate-url=\"https:\/\/www.elcorteingles.es\/moda-mujer\/MP_0010524_8435633119461-capazo-de-hoja-de-palma-basket-tote-con-tiras-de-piel\/?parentCategoryId=999.39072347013&amp;color=Rojo\">175 euros<\/a>.<\/p>\n<p><!-- BREAK 5 --><!-- PIVOT START --><\/p>\n<div class=\"pivot-ecommerce-container m-pivot-ecommerce-redesign article-asset-normal article-asset-center\" readability=\"22.272\">\n<div class=\"pivot-ecommerce\">\n<div class=\"pivot-ecommerce-figure\"> <a rel=\"nofollow, sponsored, noopener, noreferrer noopener\" target=\"_blank\" href=\"https:\/\/www.trendencias.com\/redirect?url=https%3A%2F%2Fwww.elcorteingles.es%2Fmoda-mujer%2FMP_0010524_8435633119461-capazo-de-hoja-de-palma-basket-tote-con-tiras-de-piel%2F%3FparentCategoryId%3D999.39072347013%26color%3DRojo&amp;category=shopping&amp;pivot=1&amp;ecomPostExpiration=everlasting&amp;postId=641721\"> <img loading=\"lazy\" alt=\"Capazo Basket Mercules\" width=\"967\" height=\"966\" src=\"http:\/\/hoycordobaweb.com\/wp-content\/uploads\/2025\/03\/de-la-playa-a-la-ciudad-cinco-capazos-versatiles-y-con-mucho-estilo-que-nos-acompanaran-en-las-vacaciones-de-semana-santa-6.jpg\"> <\/a> <\/div>\n<div class=\"pivot-ecommerce-summary\">\n<p class=\"pivot-ecommerce-desc\">Capazo Basket Mercules<\/p>\n<\/p><\/div><\/div>\n<p>* Alg\u00fan precio puede haber cambiado desde la \u00faltima revisi\u00f3n<\/p>\n<\/p><\/div>\n<p><!-- PIVOT END --><\/p>\n<h3>Bolso estilo capazo Mustang<\/h3>\n<div class=\"article-asset-image article-asset-normal article-asset-center\">\n<div class=\"asset-content\"> <a rel=\"nofollow, sponsored, noopener, noreferrer noopener\" target=\"_blank\" class=\"js-ecommerce\" id=\"link-ecommerce-7\" href=\"https:\/\/www.trendencias.com\/redirect?url=https%3A%2F%2Fwww.elcorteingles.es%2Fmoda-mujer%2FMP_0497735_MATI-capazo-de-rafia-con-detalle-de-flecos%2F%3FparentCategoryId%3D999.39072347013%26color%3DNatural&amp;category=shopping&amp;ecomPostExpiration=everlasting&amp;postId=641721\" data-vars-affiliate-url=\"https:\/\/www.elcorteingles.es\/moda-mujer\/MP_0497735_MATI-capazo-de-rafia-con-detalle-de-flecos\/?parentCategoryId=999.39072347013&amp;color=Natural\"> <img class=\"centro_sinmarco\" height=\"1200\" width=\"967\" loading=\"lazy\" decoding=\"async\" sizes=\"100vw\" fetchpriority=\"high\" srcset=\"http:\/\/hoycordobaweb.com\/wp-content\/uploads\/2025\/03\/de-la-playa-a-la-ciudad-cinco-capazos-versatiles-y-con-mucho-estilo-que-nos-acompanaran-en-las-vacaciones-de-semana-santa-7.jpg 450w, http:\/\/hoycordobaweb.com\/wp-content\/uploads\/2025\/03\/de-la-playa-a-la-ciudad-cinco-capazos-versatiles-y-con-mucho-estilo-que-nos-acompanaran-en-las-vacaciones-de-semana-santa-23.jpg 681w, http:\/\/hoycordobaweb.com\/wp-content\/uploads\/2025\/03\/de-la-playa-a-la-ciudad-cinco-capazos-versatiles-y-con-mucho-estilo-que-nos-acompanaran-en-las-vacaciones-de-semana-santa-24.jpg 1024w, http:\/\/hoycordobaweb.com\/wp-content\/uploads\/2025\/03\/de-la-playa-a-la-ciudad-cinco-capazos-versatiles-y-con-mucho-estilo-que-nos-acompanaran-en-las-vacaciones-de-semana-santa-25.jpg 1366w\" src=\"http:\/\/hoycordobaweb.com\/wp-content\/uploads\/2025\/03\/de-la-playa-a-la-ciudad-cinco-capazos-versatiles-y-con-mucho-estilo-que-nos-acompanaran-en-las-vacaciones-de-semana-santa-7.jpg\" alt=\"Www 8445961127779 00\"> <noscript><img alt=\"Www 8445961127779 00\" class=\"centro_sinmarco\" src=\"http:\/\/hoycordobaweb.com\/wp-content\/uploads\/2025\/03\/de-la-playa-a-la-ciudad-cinco-capazos-versatiles-y-con-mucho-estilo-que-nos-acompanaran-en-las-vacaciones-de-semana-santa-7.jpg\"><\/noscript> <\/a> <\/div>\n<\/div>\n<p>Los flecos son una tendencia en alza esta temporada. Los hemos visto en chaquetas, vestidos y todo tipo de accesorios. Este capazo de Mustang es un claro ejemplo, <strong>ya que combina la rafia con este original detalle flecado<\/strong>. Adem\u00e1s, cuenta con dos asas para llevarlo c\u00f3modamente al hombro. Su precio en El Corte Ingles es <a rel=\"nofollow, sponsored, noopener, noreferrer noopener\" target=\"_blank\" class=\"js-ecommerce\" id=\"link-ecommerce-8\" href=\"https:\/\/www.trendencias.com\/redirect?url=https%3A%2F%2Fwww.elcorteingles.es%2Fmoda-mujer%2FMP_0497735_MATI-capazo-de-rafia-con-detalle-de-flecos%2F%3FparentCategoryId%3D999.39072347013%26color%3DNatural&amp;category=shopping&amp;ecomPostExpiration=everlasting&amp;postId=641721\" data-vars-affiliate-url=\"https:\/\/www.elcorteingles.es\/moda-mujer\/MP_0497735_MATI-capazo-de-rafia-con-detalle-de-flecos\/?parentCategoryId=999.39072347013&amp;color=Natural\">39,95 euros<\/a>.<\/p>\n<p><!-- BREAK 6 --> <!-- PIVOT START --><\/p>\n<div class=\"pivot-ecommerce-container m-pivot-ecommerce-redesign article-asset-normal article-asset-center\" readability=\"22.528\">\n<div class=\"pivot-ecommerce\">\n<div class=\"pivot-ecommerce-figure\"> <a rel=\"nofollow, sponsored, noopener, noreferrer noopener\" target=\"_blank\" href=\"https:\/\/www.trendencias.com\/redirect?url=https%3A%2F%2Fwww.elcorteingles.es%2Fmoda-mujer%2FMP_0497735_MATI-capazo-de-rafia-con-detalle-de-flecos%2F%3FparentCategoryId%3D999.39072347013%26color%3DNatural&amp;category=shopping&amp;pivot=1&amp;ecomPostExpiration=everlasting&amp;postId=641721\"> <img loading=\"lazy\" alt=\"Capazo de rafia Mustang\" width=\"967\" height=\"966\" src=\"http:\/\/hoycordobaweb.com\/wp-content\/uploads\/2025\/03\/de-la-playa-a-la-ciudad-cinco-capazos-versatiles-y-con-mucho-estilo-que-nos-acompanaran-en-las-vacaciones-de-semana-santa-8.jpg\"> <\/a> <\/div>\n<div class=\"pivot-ecommerce-summary\">\n<p class=\"pivot-ecommerce-desc\">Capazo de rafia Mustang<\/p>\n<\/p><\/div><\/div>\n<p>* Alg\u00fan precio puede haber cambiado desde la \u00faltima revisi\u00f3n<\/p>\n<\/p><\/div>\n<p><!-- PIVOT END --><\/p>\n<h3>Bolso estilo capazo Tintoretto<\/h3>\n<div class=\"article-asset-image article-asset-normal article-asset-center\">\n<div class=\"asset-content\"> <a rel=\"nofollow, sponsored, noopener, noreferrer noopener\" target=\"_blank\" class=\"js-ecommerce\" id=\"link-ecommerce-9\" href=\"https:\/\/www.trendencias.com\/redirect?url=https%3A%2F%2Fwww.elcorteingles.es%2Fmoda-mujer%2FA52477112-capazo-de-mujer-mini-rafia%2F%3FparentCategoryId%3D999.39072347013%26color%3D800%2BNegro&amp;category=shopping&amp;ecomPostExpiration=everlasting&amp;postId=641721\" data-vars-affiliate-url=\"https:\/\/www.elcorteingles.es\/moda-mujer\/A52477112-capazo-de-mujer-mini-rafia\/?parentCategoryId=999.39072347013&amp;color=800+Negro\"> <img class=\"centro_sinmarco\" height=\"900\" width=\"725\" loading=\"lazy\" decoding=\"async\" sizes=\"100vw\" fetchpriority=\"high\" srcset=\"http:\/\/hoycordobaweb.com\/wp-content\/uploads\/2025\/03\/de-la-playa-a-la-ciudad-cinco-capazos-versatiles-y-con-mucho-estilo-que-nos-acompanaran-en-las-vacaciones-de-semana-santa-9.jpg 450w, http:\/\/hoycordobaweb.com\/wp-content\/uploads\/2025\/03\/de-la-playa-a-la-ciudad-cinco-capazos-versatiles-y-con-mucho-estilo-que-nos-acompanaran-en-las-vacaciones-de-semana-santa-26.jpg 681w, http:\/\/hoycordobaweb.com\/wp-content\/uploads\/2025\/03\/de-la-playa-a-la-ciudad-cinco-capazos-versatiles-y-con-mucho-estilo-que-nos-acompanaran-en-las-vacaciones-de-semana-santa-27.jpg 1024w, http:\/\/hoycordobaweb.com\/wp-content\/uploads\/2025\/03\/de-la-playa-a-la-ciudad-cinco-capazos-versatiles-y-con-mucho-estilo-que-nos-acompanaran-en-las-vacaciones-de-semana-santa-28.jpg 1366w\" src=\"http:\/\/hoycordobaweb.com\/wp-content\/uploads\/2025\/03\/de-la-playa-a-la-ciudad-cinco-capazos-versatiles-y-con-mucho-estilo-que-nos-acompanaran-en-las-vacaciones-de-semana-santa-9.jpg\" alt=\"Tintoretto\"> <noscript><img alt=\"Tintoretto\" class=\"centro_sinmarco\" src=\"http:\/\/hoycordobaweb.com\/wp-content\/uploads\/2025\/03\/de-la-playa-a-la-ciudad-cinco-capazos-versatiles-y-con-mucho-estilo-que-nos-acompanaran-en-las-vacaciones-de-semana-santa-9.jpg\"><\/noscript> <\/a> <\/div>\n<\/div>\n<p>Los capazos de rafia en tama\u00f1o mini tambi\u00e9n merecen un lugar en nuestro armario. Este modelo negro de Tintoretto es una opci\u00f3n elegante que, combinado con un vestido formal, resulta perfecto para <a class=\"text-outboundlink\" href=\"https:\/\/www.trendencias.com\/shopping\/como-vestir-para-cena-elegante-verano-ropa-zapatos-accesorios\" data-vars-post-title=\"C\u00f3mo vestir para una cena elegante en verano (Ropa, zapatos y accesorios)\" data-vars-post-url=\"https:\/\/www.trendencias.com\/shopping\/como-vestir-para-cena-elegante-verano-ropa-zapatos-accesorios\">cenas<\/a> especiales y otros eventos. Adem\u00e1s, <strong>incorpora una bolsa tipo saco en su interior, que tambi\u00e9n puede llevarse por separado<\/strong>. El precio en El Corte Ingl\u00e9s es&nbsp;<\/p>\n<p><!-- BREAK 7 --><\/p>\n<h2>C\u00f3mo combinar un bolso estilo capazo<\/h2>\n<div class=\"article-asset-image article-asset-normal article-asset-center\">\n<div class=\"asset-content\"> <a rel=\"noopener, noreferrer\" href=\"https:\/\/www.instagram.com\/p\/C_n8q2jP6VQ\/?utm_source=ig_web_copy_link&amp;igsh=MzRlODBiNWFlZA==\"> <img class=\"centro_sinmarco\" height=\"1346\" width=\"1080\" loading=\"lazy\" decoding=\"async\" sizes=\"100vw\" fetchpriority=\"high\" srcset=\"http:\/\/hoycordobaweb.com\/wp-content\/uploads\/2025\/03\/de-la-playa-a-la-ciudad-cinco-capazos-versatiles-y-con-mucho-estilo-que-nos-acompanaran-en-las-vacaciones-de-semana-santa-10.jpg 450w, http:\/\/hoycordobaweb.com\/wp-content\/uploads\/2025\/03\/de-la-playa-a-la-ciudad-cinco-capazos-versatiles-y-con-mucho-estilo-que-nos-acompanaran-en-las-vacaciones-de-semana-santa-29.jpg 681w, http:\/\/hoycordobaweb.com\/wp-content\/uploads\/2025\/03\/de-la-playa-a-la-ciudad-cinco-capazos-versatiles-y-con-mucho-estilo-que-nos-acompanaran-en-las-vacaciones-de-semana-santa-30.jpg 1024w, http:\/\/hoycordobaweb.com\/wp-content\/uploads\/2025\/03\/de-la-playa-a-la-ciudad-cinco-capazos-versatiles-y-con-mucho-estilo-que-nos-acompanaran-en-las-vacaciones-de-semana-santa-31.jpg 1366w\" src=\"http:\/\/hoycordobaweb.com\/wp-content\/uploads\/2025\/03\/de-la-playa-a-la-ciudad-cinco-capazos-versatiles-y-con-mucho-estilo-que-nos-acompanaran-en-las-vacaciones-de-semana-santa-10.jpg\" alt=\"@collagevintage\"> <noscript><img alt=\"@collagevintage\" class=\"centro_sinmarco\" src=\"http:\/\/hoycordobaweb.com\/wp-content\/uploads\/2025\/03\/de-la-playa-a-la-ciudad-cinco-capazos-versatiles-y-con-mucho-estilo-que-nos-acompanaran-en-las-vacaciones-de-semana-santa-10.jpg\"><\/noscript> <\/a> <\/div>\n<\/div>\n<p>En la primera propuesta, el <em>look<\/em> de playa es el protagonista: una camisola en tono mostaza y unas chanclas negras. <strong>El toque diferenciador lo aporta el bolso estilo capazo de Loewe<\/strong>, que eleva el conjunto con su dise\u00f1o ic\u00f3nico. Para adaptarlo a las tendencias, se pueden a\u00f1adir m\u00e1s llaveros, aportando un toque personal y \u00fanico.<\/p>\n<p><!-- BREAK 8 --><\/p>\n<div class=\"article-asset-image article-asset-normal article-asset-center\">\n<div class=\"asset-content\"> <a rel=\"noopener, noreferrer\" href=\"https:\/\/www.instagram.com\/p\/DA7sLGPt7TQ\/?utm_source=ig_web_copy_link&amp;igsh=MzRlODBiNWFlZA==\"> <img class=\"centro_sinmarco\" height=\"1349\" width=\"1080\" loading=\"lazy\" decoding=\"async\" sizes=\"100vw\" fetchpriority=\"high\" srcset=\"http:\/\/hoycordobaweb.com\/wp-content\/uploads\/2025\/03\/de-la-playa-a-la-ciudad-cinco-capazos-versatiles-y-con-mucho-estilo-que-nos-acompanaran-en-las-vacaciones-de-semana-santa-11.jpg 450w, http:\/\/hoycordobaweb.com\/wp-content\/uploads\/2025\/03\/de-la-playa-a-la-ciudad-cinco-capazos-versatiles-y-con-mucho-estilo-que-nos-acompanaran-en-las-vacaciones-de-semana-santa-32.jpg 681w, http:\/\/hoycordobaweb.com\/wp-content\/uploads\/2025\/03\/de-la-playa-a-la-ciudad-cinco-capazos-versatiles-y-con-mucho-estilo-que-nos-acompanaran-en-las-vacaciones-de-semana-santa-33.jpg 1024w, http:\/\/hoycordobaweb.com\/wp-content\/uploads\/2025\/03\/de-la-playa-a-la-ciudad-cinco-capazos-versatiles-y-con-mucho-estilo-que-nos-acompanaran-en-las-vacaciones-de-semana-santa-34.jpg 1366w\" src=\"http:\/\/hoycordobaweb.com\/wp-content\/uploads\/2025\/03\/de-la-playa-a-la-ciudad-cinco-capazos-versatiles-y-con-mucho-estilo-que-nos-acompanaran-en-las-vacaciones-de-semana-santa-11.jpg\" alt=\"@agostinasaracco\"> <noscript><img alt=\"@agostinasaracco\" class=\"centro_sinmarco\" src=\"http:\/\/hoycordobaweb.com\/wp-content\/uploads\/2025\/03\/de-la-playa-a-la-ciudad-cinco-capazos-versatiles-y-con-mucho-estilo-que-nos-acompanaran-en-las-vacaciones-de-semana-santa-11.jpg\"><\/noscript> <\/a> <\/div>\n<\/div>\n<p>El segundo <em>look<\/em> es perfecto para una <a class=\"text-outboundlink\" href=\"https:\/\/www.trendencias.com\/shopping\/como-vestir-para-boda-dia-vestidos-zapatos-accesorios\" data-vars-post-title=\"C\u00f3mo vestir para una boda de d\u00eda (vestidos, zapatos y accesorios)\" data-vars-post-url=\"https:\/\/www.trendencias.com\/shopping\/como-vestir-para-boda-dia-vestidos-zapatos-accesorios\">boda<\/a> en la playa: un vestido largo en tono gris, sandalias de tiras y un capazo mini. <strong>Un conjunto sencillo que se eleva f\u00e1cilmente con un par de joyas<\/strong>. Si la celebraci\u00f3n fuera en otro lugar, unas alpargatas tambi\u00e9n ser\u00edan una gran elecci\u00f3n, aportando adem\u00e1s un extra de altura.<\/p>\n<p><!-- BREAK 9 --><\/p>\n<div class=\"article-asset-image article-asset-normal article-asset-center\">\n<div class=\"asset-content\"> <a rel=\"noopener, noreferrer\" href=\"https:\/\/www.instagram.com\/p\/Cyk2irSqv_k\/?utm_source=ig_web_copy_link&amp;igsh=MzRlODBiNWFlZA==\"> <img class=\"centro_sinmarco\" height=\"1349\" width=\"1080\" loading=\"lazy\" decoding=\"async\" sizes=\"100vw\" fetchpriority=\"high\" srcset=\"http:\/\/hoycordobaweb.com\/wp-content\/uploads\/2025\/03\/de-la-playa-a-la-ciudad-cinco-capazos-versatiles-y-con-mucho-estilo-que-nos-acompanaran-en-las-vacaciones-de-semana-santa-12.jpg 450w, http:\/\/hoycordobaweb.com\/wp-content\/uploads\/2025\/03\/de-la-playa-a-la-ciudad-cinco-capazos-versatiles-y-con-mucho-estilo-que-nos-acompanaran-en-las-vacaciones-de-semana-santa-35.jpg 681w, http:\/\/hoycordobaweb.com\/wp-content\/uploads\/2025\/03\/de-la-playa-a-la-ciudad-cinco-capazos-versatiles-y-con-mucho-estilo-que-nos-acompanaran-en-las-vacaciones-de-semana-santa-36.jpg 1024w, http:\/\/hoycordobaweb.com\/wp-content\/uploads\/2025\/03\/de-la-playa-a-la-ciudad-cinco-capazos-versatiles-y-con-mucho-estilo-que-nos-acompanaran-en-las-vacaciones-de-semana-santa-37.jpg 1366w\" src=\"http:\/\/hoycordobaweb.com\/wp-content\/uploads\/2025\/03\/de-la-playa-a-la-ciudad-cinco-capazos-versatiles-y-con-mucho-estilo-que-nos-acompanaran-en-las-vacaciones-de-semana-santa-12.jpg\" alt=\"@bartabacmode\"> <noscript><img alt=\"@bartabacmode\" class=\"centro_sinmarco\" src=\"http:\/\/hoycordobaweb.com\/wp-content\/uploads\/2025\/03\/de-la-playa-a-la-ciudad-cinco-capazos-versatiles-y-con-mucho-estilo-que-nos-acompanaran-en-las-vacaciones-de-semana-santa-12.jpg\"><\/noscript> <\/a> <\/div>\n<\/div>\n<p>Por \u00faltimo, viajar en avi\u00f3n nunca es f\u00e1cil, especialmente cuando debemos reducir al m\u00e1ximo nuestro equipaje para evitar facturar. <strong>Este capazo XXL es perfecto, ya que permite llevarlo todo y es apto para cabina<\/strong>. Adem\u00e1s, su dise\u00f1o discreto lo hace muy f\u00e1cil de combinar con un <em>look<\/em> como este: <a class=\"text-outboundlink\" href=\"https:\/\/www.trendencias.com\/shopping\/como-combinar-pantalon-vaquero-negro-colores-zapatos-accesorios\" data-vars-post-title=\"C\u00f3mo combinar un pantal\u00f3n vaquero negro | Colores, zapatos y accesorios\" data-vars-post-url=\"https:\/\/www.trendencias.com\/shopping\/como-combinar-pantalon-vaquero-negro-colores-zapatos-accesorios\">vaqueros<\/a> blancos, zapatillas <a class=\"text-outboundlink\" href=\"https:\/\/www.trendencias.com\/shopping\/como-combinar-nuevas-adidas-forum-look-elegante-casual-sport\" data-vars-post-title=\"C\u00f3mo combinar las nuevas Adidas Forum | Look elegante, casual y de sport \" data-vars-post-url=\"https:\/\/www.trendencias.com\/shopping\/como-combinar-nuevas-adidas-forum-look-elegante-casual-sport\">Adidas<\/a> Samba negras y una <em>biker<\/em> que a\u00f1ade un toque de estilo.<\/p>\n<p><!-- BREAK 10 --> <\/p>\n<p><em>Nota: algunos de los enlaces de este art\u00edculo son afiliados y pueden reportar un beneficio a Trendencias. En caso de no disponibilidad, las ofertas pueden variar.<\/em><\/p>\n<p><!-- BREAK 11 --><\/p>\n<p>Fotos | <a rel=\"noopener, noreferrer\" href=\"https:\/\/www.instagram.com\/p\/CuREdytIDDT\/?utm_source=ig_web_copy_link&amp;igsh=MzRlODBiNWFlZA==\">@linnodman<\/a>, El Corte Ingl\u00e9s<\/p>\n<p>En Trendencias | <a class=\"text-outboundlink\" href=\"https:\/\/www.trendencias.com\/propuestas-y-consejos\/chaquetas-que-tendencia-este-otono-invierno-2022-2023-larga-vida-a-bomber-a-cazadora-vaquera\" data-vars-post-title=\"Chaquetas que son tendencia: de la americana marr\u00f3n chocolate a la cl\u00e1sica bomber\" data-vars-post-url=\"https:\/\/www.trendencias.com\/propuestas-y-consejos\/chaquetas-que-tendencia-este-otono-invierno-2022-2023-larga-vida-a-bomber-a-cazadora-vaquera\" data-id=\"noopener noreferrer\">Chaquetas que son tendencia: larga vida a la bomber y a la cazadora vaquera<\/a><\/p>\n<p>En Trendencias | <a class=\"text-outboundlink\" href=\"https:\/\/www.trendencias.com\/propuestas-y-consejos\/nuestro-flechazo-vaqueros-wide-leg-tiro-alto-como-llevarlos-cuatro-modelos-favorecedores\" data-vars-post-title=\"Nuestro flechazo son los vaqueros wide leg de tiro alto: c\u00f3mo llevarlos y 11 formas de combinarlos con estilo\" data-vars-post-url=\"https:\/\/www.trendencias.com\/propuestas-y-consejos\/nuestro-flechazo-vaqueros-wide-leg-tiro-alto-como-llevarlos-cuatro-modelos-favorecedores\" data-id=\"noopener noreferrer\">Nuestro flechazo son los vaqueros <em>wide leg<\/em> de tiro alto: c\u00f3mo llevarlos y los diez modelos m\u00e1s favorecedores<\/a><\/p>\n<p>En Trendencias | <a class=\"text-outboundlink\" href=\"https:\/\/www.trendencias.com\/eventos\/arenal-sound-todos-conciertos-entradas-horarios-confirmados-festival\" data-vars-post-title=\"Arenal Sound 2025: todos los conciertos, entradas y horarios confirmados del festival\" data-vars-post-url=\"https:\/\/www.trendencias.com\/eventos\/arenal-sound-todos-conciertos-entradas-horarios-confirmados-festival\" data-id=\"noopener noreferrer\"><u>Arenal Sound 2025: todos los conciertos, entradas y horarios confirmados del festival<\/u><\/a><\/p>\n","protected":false},"excerpt":{"rendered":"<p>Llegan las vacaciones de Semana Santa y lo \u00fanico en lo que pensamos es en los looks que llevaremos en la maleta. Mientras los preparamos, buscamos un bolso vers\u00e1til que combine con todo. No importa si el destino es la playa o una ciudad de interior, porque los capazos siempre son una apuesta segura. En [&hellip;]<\/p>\n","protected":false},"author":1,"featured_media":100718,"comment_status":"closed","ping_status":"closed","sticky":false,"template":"","format":"standard","meta":[],"categories":[],"tags":[],"_links":{"self":[{"href":"http:\/\/hoycordobaweb.com\/index.php\/wp-json\/wp\/v2\/posts\/100717"}],"collection":[{"href":"http:\/\/hoycordobaweb.com\/index.php\/wp-json\/wp\/v2\/posts"}],"about":[{"href":"http:\/\/hoycordobaweb.com\/index.php\/wp-json\/wp\/v2\/types\/post"}],"author":[{"embeddable":true,"href":"http:\/\/hoycordobaweb.com\/index.php\/wp-json\/wp\/v2\/users\/1"}],"replies":[{"embeddable":true,"href":"http:\/\/hoycordobaweb.com\/index.php\/wp-json\/wp\/v2\/comments?post=100717"}],"version-history":[{"count":0,"href":"http:\/\/hoycordobaweb.com\/index.php\/wp-json\/wp\/v2\/posts\/100717\/revisions"}],"wp:featuredmedia":[{"embeddable":true,"href":"http:\/\/hoycordobaweb.com\/index.php\/wp-json\/wp\/v2\/media\/100718"}],"wp:attachment":[{"href":"http:\/\/hoycordobaweb.com\/index.php\/wp-json\/wp\/v2\/media?parent=100717"}],"wp:term":[{"taxonomy":"category","embeddable":true,"href":"http:\/\/hoycordobaweb.com\/index.php\/wp-json\/wp\/v2\/categories?post=100717"},{"taxonomy":"post_tag","embeddable":true,"href":"http:\/\/hoycordobaweb.com\/index.php\/wp-json\/wp\/v2\/tags?post=100717"}],"curies":[{"name":"wp","href":"https:\/\/api.w.org\/{rel}","templated":true}]}}