{"id":100697,"date":"2025-03-29T15:13:59","date_gmt":"2025-03-29T15:13:59","guid":{"rendered":"https:\/\/www.ole.com.ar\/boca-juniors\/boca-gago-concentrados-palacios-ander-herrera-cavani_0_ApXy3oQzxF.html"},"modified":"2025-03-29T15:13:59","modified_gmt":"2025-03-29T15:13:59","slug":"bombazo-en-boca-gago-no-lleva-a-palacios-a-rosario","status":"publish","type":"post","link":"http:\/\/hoycordobaweb.com\/index.php\/2025\/03\/29\/bombazo-en-boca-gago-no-lleva-a-palacios-a-rosario\/","title":{"rendered":"Bombazo en Boca: Gago no lleva a Palacios a Rosario"},"content":{"rendered":"<p><img src=\"http:\/\/hoycordobaweb.com\/wp-content\/uploads\/2025\/03\/bombazo-en-boca-gago-no-lleva-a-palacios-a-rosario.jpg\"><\/p>\n<p><span class=\"createDate\">29\/03\/2025 12:13hs.<\/span><time class=\"modificatedDate\" datetime=\"2025-03-29T12:39:29-03:00\"> Actualizado al 29\/03\/2025 12:39hs.<\/time><\/p>\n<div id=\"storyBody\">\n<div class=\"custom-text \" readability=\"33.359073359073\">\n<p>M\u00e1s que una novela, podr\u00eda decirse que lo que ocurri\u00f3 en la semana previa al partido entre Newell\u2019s y <strong><a href=\"https:\/\/www.ole.com.ar\/tema\/boca-juniors.html\" title=\"Boca Juniors\" alt=\"Boca Juniors\" class=\"slug\">Boca<\/a><\/strong> con <strong><a href=\"https:\/\/www.ole.com.ar\/tema\/carlos-palacios.html\" title=\"Carlos Palacios\" alt=\"Carlos Palacios\" class=\"slug\">Carlos Palacios<\/a><\/strong> fue un cortometraje. <strong>Que tuvo un hecho desencadenante, un desarrollo conflictivo y -ahora- un final abrupto y hasta inesperado.<\/strong><\/p>\n<\/div>\n<div class=\"custom-text \" readability=\"35.463258785942\">\n<p>Es que, a pesar de las presunciones previas y del apoyo que este viernes el Consejo de F\u00fatbol le brind\u00f3 al jugador por su ausencia en la pr\u00e1ctica del lunes, <strong><a href=\"https:\/\/www.ole.com.ar\/tema\/fernando-gago.html\" title=\"Fernando Gago\" alt=\"Fernando Gago\" class=\"slug\">Fernando Gago<\/a><\/strong> <strong>cort\u00f3 por lo sano y decidi\u00f3 no convocar al chileno para el viaje que el plantel emprender\u00e1 minutos despu\u00e9s del mediod\u00eda hacia Rosario.<\/strong><\/p>\n<\/div>\n<div class=\"sc-e7b891c4-0 ifHnQL image-embed\"><img alt=\"Los convocados de Boca para ir a Rosario.\" loading=\"lazy\" width=\"720\" height=\"100\" decoding=\"async\" data-nimg=\"1\" src=\"http:\/\/hoycordobaweb.com\/wp-content\/uploads\/2025\/03\/bombazo-en-boca-gago-no-lleva-a-palacios-a-rosario-2.jpg\"><span class=\"epigraphe\">Los convocados de Boca para ir a Rosario.<\/span><\/div>\n<div class=\"custom-text \" readability=\"39\">\n<p>De esta manera, el DT xeneize corta de ra\u00edz una situaci\u00f3n que podr\u00eda haberse prolongado hasta poco tiempo antes de comenzado el encuentro, ya que <strong>el antecedente m\u00e1s cercano de una sanci\u00f3n deportiva tomada por su cuerpo t\u00e9cnico en el club se limit\u00f3 a mandar al banco de suplentes a Edinson Cavani, luego de que \u00e9ste llegara unos minutos tarde a una charla t\u00e9cnica.<\/strong> Por eso, la expectativa mayor estaba puesta en si Palacios ir\u00eda de arranque tal como lo viene haciendo o si volver\u00eda a sentarse entre los relevos.<\/p>\n<\/div>\n<div class=\"custom-text \" readability=\"37\">\n<p>As\u00ed, la duda sobre el 11 que saldr\u00e1 a la cancha se acent\u00faa pese a que Alan Velasco se posiciona como su reemplazante. <strong>La inc\u00f3gnita es si Gago sostendr\u00e1 el esquema y har\u00e1 jugar al ex Independiente como enganche o si alguno de los otros dos delanteros (o hasta alg\u00fan volante) cede su lugar a otro extremo para que se repartan las bandas, de acuerdo a c\u00f3mo trabajaron los equipos mixtos de la semana.<\/strong><\/p>\n<\/div>\n<p><h2><strong>Cambios y m\u00e1s cambios<\/strong><\/h2>\n<\/p>\n<div class=\"custom-text \" readability=\"36\">\n<p><strong>Quien s\u00ed volver\u00e1 a ser titular es Ander Herrera, luego de completar la semana entera a la par del resto y ya confirmado entre los que se subir\u00e1n al avi\u00f3n. <\/strong>Y queda la duda de si Rodrigo Battaglia se mete o no en el equipo titular, adem\u00e1s de qui\u00e9n ser\u00e1 el lateral derecho.<\/p>\n<\/div>\n<div class=\"custom-text \" readability=\"39\">\n<p>A prop\u00f3sito de ello, <strong>la presencia de Luis Adv\u00edncula en la n\u00f3mina es tambi\u00e9n una sorpresa, ya que el peruano solamente trabaj\u00f3 dos d\u00edas con sus compa\u00f1eros (lleg\u00f3 un d\u00eda tarde de su convocatoria a la selecci\u00f3n de Per\u00fa por asuntos personales previamente informados) y a\u00fan as\u00ed se concentrar\u00e1.<\/strong> Entre \u00e9l, Lucas Blondel (lleg\u00f3 un d\u00eda antes) y Juan Barinaga, estar\u00e1 el elegido.<\/p>\n<\/div>\n<div class=\"custom-text \" readability=\"36\">\n<p>En cuanto al resto de los que viajan para intentar recuperar la punta que moment\u00e1neamente tom\u00f3 Tigre, <strong>las novedad m\u00e1s saliente es la vuelta de Ignacio Miram\u00f3n y el regreso de Battaglia y Velasco, aunque sobre \u00e9stos se descartaba que estar\u00edan en la misma.<\/strong><\/p>\n<\/div>\n<p><h2><strong>LOS 23 CONVOCADOS<\/strong><\/h2>\n<\/p>\n<div class=\"custom-text \" readability=\"32\">\n<p><strong>Arqueros:<\/strong> Agust\u00edn Marchesin y Leandro Brey.<\/p>\n<\/div>\n<div class=\"custom-text \" readability=\"41\">\n<p><strong>Defensores: <\/strong>Rodrigo Battaglia, Marcos Rojo, Ayrton Costa, Lautaro Di Lollo, Mateo Mendia, Luis Adv\u00edncula, Lucas Blondel, Juan Barinaga, Marcelo Saracchi y Lautaro Blanco.<\/p>\n<\/div>\n<div class=\"custom-text \" readability=\"36\">\n<p><strong>Volantes: <\/strong>Ander Herrera, Milton Delgado, Ignacio Miram\u00f3n, Tom\u00e1s Belmonte, Kevin Zen\u00f3n.<\/p>\n<\/div>\n<div class=\"custom-text \" readability=\"37\">\n<p><strong>Delanteros: <\/strong>Alan Velasco, Exequiel Zeballos, Brian Aguirre, Edinson Cavani, Miguel Merentiel y Milton Gim\u00e9nez.<\/p>\n<\/div>\n<div class=\"sc-a7166897-0 eoLsBE\" readability=\"6\">\n<section readability=\"2\"><picture><img alt=\"Los desaf\u00edos de Boca y Gago con viento a favor\" loading=\"lazy\" width=\"290\" height=\"290\" decoding=\"async\" data-nimg=\"1\" src=\"http:\/\/hoycordobaweb.com\/wp-content\/uploads\/2025\/03\/bombazo-en-boca-gago-no-lleva-a-palacios-a-rosario-3.jpg\"><\/picture>\n<p><span>Mir\u00e1 tambi\u00e9n<\/span><\/p>\n<hr>\n<h3>Los desaf\u00edos de Boca y Gago con viento a favor<\/h3>\n<\/p>\n<\/section>\n<\/div>\n<div class=\"sc-a7166897-0 eoLsBE\" readability=\"6\">\n<section readability=\"2\"><picture><img alt=\"El picanteo de Palacios antes de la decisi\u00f3n de Gago\" loading=\"lazy\" width=\"290\" height=\"290\" decoding=\"async\" data-nimg=\"1\" src=\"http:\/\/hoycordobaweb.com\/wp-content\/uploads\/2025\/03\/bombazo-en-boca-gago-no-lleva-a-palacios-a-rosario-4.jpg\"><\/picture>\n<p><span>Mir\u00e1 tambi\u00e9n<\/span><\/p>\n<hr>\n<h3>El picanteo de Palacios antes de la decisi\u00f3n de Gago<\/h3>\n<\/p>\n<\/section>\n<\/div>\n<div class=\"sc-a7166897-0 eoLsBE\" readability=\"6\">\n<section readability=\"2\"><picture><img alt=\"La decisi\u00f3n que tom\u00f3 Boca con la sanci\u00f3n a Carlos Palacios\" loading=\"lazy\" width=\"290\" height=\"290\" decoding=\"async\" data-nimg=\"1\" src=\"http:\/\/hoycordobaweb.com\/wp-content\/uploads\/2025\/03\/bombazo-en-boca-gago-no-lleva-a-palacios-a-rosario-5.jpg\"><\/picture>\n<p><span>Mir\u00e1 tambi\u00e9n<\/span><\/p>\n<hr>\n<h3>La decisi\u00f3n que tom\u00f3 Boca con la sanci\u00f3n a Carlos Palacios<\/h3>\n<\/p>\n<\/section>\n<\/div>\n<\/div>\n","protected":false},"excerpt":{"rendered":"<p>29\/03\/2025 12:13hs. Actualizado al 29\/03\/2025 12:39hs. M\u00e1s que una novela, podr\u00eda decirse que lo que ocurri\u00f3 en la semana previa al partido entre Newell\u2019s y Boca con Carlos Palacios fue un cortometraje. Que tuvo un hecho desencadenante, un desarrollo conflictivo y -ahora- un final abrupto y hasta inesperado. Es que, a pesar de las presunciones [&hellip;]<\/p>\n","protected":false},"author":1,"featured_media":100698,"comment_status":"open","ping_status":"closed","sticky":false,"template":"","format":"standard","meta":[],"categories":[16],"tags":[],"_links":{"self":[{"href":"http:\/\/hoycordobaweb.com\/index.php\/wp-json\/wp\/v2\/posts\/100697"}],"collection":[{"href":"http:\/\/hoycordobaweb.com\/index.php\/wp-json\/wp\/v2\/posts"}],"about":[{"href":"http:\/\/hoycordobaweb.com\/index.php\/wp-json\/wp\/v2\/types\/post"}],"author":[{"embeddable":true,"href":"http:\/\/hoycordobaweb.com\/index.php\/wp-json\/wp\/v2\/users\/1"}],"replies":[{"embeddable":true,"href":"http:\/\/hoycordobaweb.com\/index.php\/wp-json\/wp\/v2\/comments?post=100697"}],"version-history":[{"count":0,"href":"http:\/\/hoycordobaweb.com\/index.php\/wp-json\/wp\/v2\/posts\/100697\/revisions"}],"wp:featuredmedia":[{"embeddable":true,"href":"http:\/\/hoycordobaweb.com\/index.php\/wp-json\/wp\/v2\/media\/100698"}],"wp:attachment":[{"href":"http:\/\/hoycordobaweb.com\/index.php\/wp-json\/wp\/v2\/media?parent=100697"}],"wp:term":[{"taxonomy":"category","embeddable":true,"href":"http:\/\/hoycordobaweb.com\/index.php\/wp-json\/wp\/v2\/categories?post=100697"},{"taxonomy":"post_tag","embeddable":true,"href":"http:\/\/hoycordobaweb.com\/index.php\/wp-json\/wp\/v2\/tags?post=100697"}],"curies":[{"name":"wp","href":"https:\/\/api.w.org\/{rel}","templated":true}]}}