{"id":100626,"date":"2025-03-28T13:25:39","date_gmt":"2025-03-28T13:25:39","guid":{"rendered":"https:\/\/www.ole.com.ar\/futbol-internacional\/america\/video-reaccion-sebastian-sosa-penal-penarol-comentada-redes_0_Hzjobvktt7.html"},"modified":"2025-03-28T13:25:39","modified_gmt":"2025-03-28T13:25:39","slug":"video-la-reaccion-de-sebastian-sosa-en-un-penal-contra-su-penarol-que-fue-comentada-en-las-redes","status":"publish","type":"post","link":"http:\/\/hoycordobaweb.com\/index.php\/2025\/03\/28\/video-la-reaccion-de-sebastian-sosa-en-un-penal-contra-su-penarol-que-fue-comentada-en-las-redes\/","title":{"rendered":"Video: la reacci\u00f3n de Sebasti\u00e1n Sosa en un penal contra su Pe\u00f1arol que fue comentada en las redes"},"content":{"rendered":"<p><img src=\"http:\/\/hoycordobaweb.com\/wp-content\/uploads\/2025\/03\/video-la-reaccion-de-sebastian-sosa-en-un-penal-contra-su-penarol-que-fue-comentada-en-las-redes.jpg\"><\/p>\n<p><span class=\"createDate\">28\/03\/2025 10:25hs.<\/span><time class=\"modificatedDate\" datetime=\"2025-03-28T10:41:15-03:00\"> Actualizado al 28\/03\/2025 10:41hs.<\/time><\/p>\n<div id=\"storyBody\">\n<div class=\"custom-text \" readability=\"37.189873417722\">\n<p><a href=\"https:\/\/www.ole.com.ar\/tema\/penarol.html\" title=\"Pe\u00f1arol\" alt=\"Pe\u00f1arol\" class=\"slug\">Pe\u00f1arol<\/a> venci\u00f3 2-0 a Juventud de Las Piedras este jueves por la octava fecha del Torneo Apertura. Un triunfo muy necesitado para el Manya, que ven\u00eda de perder tres partidos consecutivos y sin anotar goles. En esta ocasi\u00f3n, los que anotaron fueron Nahuel Herrera y <a href=\"https:\/\/www.ole.com.ar\/tema\/leonardo-fernandez.html\" title=\"Leonardo Fern\u00e1ndez\" alt=\"Leonardo Fern\u00e1ndez\" class=\"slug\">Leo Fern\u00e1ndez<\/a> -tambi\u00e9n atravesaba una mala racha goleadora-, <strong>en un penal que fue muy comentado en las redes sociales por la reacci\u00f3n del arquero rival, Sebasti\u00e1n Sosa (ex jugador y fan\u00e1tico del Manya).<\/strong><\/p>\n<\/div>\n<div class=\"custom-text \" readability=\"41\">\n<p>El tiro desde los 12 pasos tuvo lugar a los 56&#8242; y fue Fern\u00e1ndez, #10 de Pe\u00f1arol, el que se hizo cargo de la ejecuci\u00f3n. Enfrente, Sosa, quien en Independiente hab\u00eda logrado atajar el 56% de los remates que le hab\u00edan pateado.<strong> Aunque en esta oportunidad no tuvo \u00e9xito ante su rival, que se la cruz\u00f3, mientras que el ex Rojo se fue hacia el otro lado. <\/strong><\/p>\n<\/div>\n<div class=\"custom-text \" readability=\"38\">\n<p>Y fue esa reacci\u00f3n la que despert\u00f3 los comentarios en las redes sociales, dado que Sosa no opt\u00f3 por lanzarse. <strong>\u00abNo tiene nombre lo que hizo el golero de Juventud\u00bb, <\/strong>indic\u00f3 un usuario en X (ex Twitter); \u00ab<strong>Sebasti\u00e1n Sosa haciendo m\u00e9ritos para volver. Tirate aunque sea&#8230;\u00bb, <\/strong>se\u00f1al\u00f3 otro; <strong>\u00abSe dice muchas gracias Sebasti\u00e1n Sosa por haberte corrido en el penal\u00bb;<\/strong> sum\u00f3 uno m\u00e1s.<\/p>\n<\/div>\n<div class=\"custom-embedhtml\" readability=\"5.728813559322\">\n<blockquote class=\"twitter-tweet\" readability=\"5.2881355932203\">\n<p lang=\"es\" dir=\"ltr\">Sebasti\u00e1n Sosa haciendo m\u00e9ritos para volver, t\u00edrate aunque sea&#8230;<\/p>\n<p>\u2014 Manteka df #55.607 (@Mantekadf) <a href=\"https:\/\/twitter.com\/Mantekadf\/status\/1905361330535538980?ref_src=twsrc%5Etfw\">March 27, 2025<\/a><\/p><\/blockquote><\/div>\n<div class=\"custom-embedhtml\" readability=\"5.3731343283582\">\n<blockquote class=\"twitter-tweet\" readability=\"4.4776119402985\">\n<p lang=\"es\" dir=\"ltr\">Se dice MUCHAS GRACIAS SEBASTI\u00c1N SOSA por haberte corrido en el penal.<\/p>\n<p>Gracias.<\/p>\n<p>\u2014 Premier League Argento (@EPLargento) <a href=\"https:\/\/twitter.com\/EPLargento\/status\/1905376259535675718?ref_src=twsrc%5Etfw\">March 27, 2025<\/a><\/p><\/blockquote><\/div>\n<div class=\"custom-text \" readability=\"41\">\n<p>En la previa del partido, Sosa, formado en Pe\u00f1arol y con un paso entre 2006 y 2011 all\u00ed, fue a saludar a Diego Aguirre, entrenador del Mirasol y con quien fue subcampe\u00f3n de la Libertadores en 2011 ante el Santos de Neymar. En el Manya, <strong>el arquero de 38 a\u00f1os fue disput\u00f3 un total de 88 partidos y se coron\u00f3 campe\u00f3n del torneo local en la temporada 2009\/2010.<\/strong> A su vez, obtuvo dos veces la Supercopa Uruguaya.<\/p>\n<\/div>\n<div class=\"custom-text \" readability=\"44\">\n<p>M\u00e1s all\u00e1 de la reacci\u00f3n de Sosa, Pe\u00f1arol logr\u00f3 tres puntos que lo sit\u00faan 10\u00b0 en la tabla, con nueve unidades, a otras nueve de distancia del l\u00edder, Liverpool. Y Leo Fern\u00e1ndez, por su parte, logr\u00f3 quebrar una extensa racha sin goles: <strong>no anotaba desde el 1 de diciembre del 2024, cuando le marc\u00f3 un tanto b\u00e1rbaro de tiro libre a F\u00e9nix. <\/strong>De hecho, hab\u00eda sido el goleador de ese campeonato con 16 gritos, la mitad de ellos desde pelota parada. <\/p>\n<\/div>\n<div class=\"sc-e7b891c4-0 ifHnQL image-embed\"><img alt=\"Diego Aguirre y Sebasti\u00e1n Sosa en Pe\u00f1arol. (Foto: EFE)\" loading=\"lazy\" width=\"720\" height=\"100\" decoding=\"async\" data-nimg=\"1\" src=\"http:\/\/hoycordobaweb.com\/wp-content\/uploads\/2025\/03\/video-la-reaccion-de-sebastian-sosa-en-un-penal-contra-su-penarol-que-fue-comentada-en-las-redes-2.jpg\"><span class=\"epigraphe\">Diego Aguirre y Sebasti\u00e1n Sosa en Pe\u00f1arol. (Foto: EFE)<\/span><\/div>\n<p><h2><strong>Video: la reacci\u00f3n de Sosa en el penal contra su Pe\u00f1arol<\/strong><\/h2>\n<\/p>\n<div class=\"sc-734b4696-1 kFfZtB\" readability=\"6.5\">\n<div class=\"sc-d00d9e74-0 hnHYbk\" type=\"embed\">\n<div class=\"sc-d00d9e74-1 iKVbz videoText\" id=\"contentTitleembedAFX3uPnt\" type=\"embed\"><svg fill=\"#ffffff\"><symbol id=\"play\" viewBox=\"0 0 512 512\"><path d=\"M512 256C512 397.4 397.4 512 256 512C114.6 512 0 397.4 0 256C0 114.6 114.6 0 256 0C397.4 0 512 114.6 512 256zM176 168V344C176 352.7 180.7 360.7 188.3 364.9C195.8 369.2 205.1 369 212.5 364.5L356.5 276.5C363.6 272.1 368 264.4 368 256C368 247.6 363.6 239.9 356.5 235.5L212.5 147.5C205.1 142.1 195.8 142.8 188.3 147.1C180.7 151.3 176 159.3 176 168V168z\" \/><\/symbol><use xlink:href=\"#play\" \/><\/svg><\/p>\n<div class=\"right\">\n<p>Sebasti\u00e1n Sosa<!-- --> &#8211; <span>&nbsp;<\/span><\/p>\n<h2 class=\"title-vid\">La reacci\u00f3n de Sebasti\u00e1n Sosa en el penal de Leo Fern\u00e1ndez<\/h2>\n<\/div>\n<\/div>\n<p><span class=\"back\" id=\"spanBackembedAFX3uPnt\"><\/span><\/div>\n<div class=\"JWvideoNota_title\" readability=\"8\">\n<p>El arquero de Juventud de Las Piedras no pudo atajar el tiro de su rival de Pe\u00f1arol. (Cr\u00e9ditos: ESPN \/ Disney+)<\/p>\n<\/div>\n<\/div>\n<div class=\"sc-a7166897-0 eoLsBE\" readability=\"6.5\">\n<section readability=\"3\"><picture><img alt=\"Ducha de campe\u00f3n: los jugadores del Corinthians empaparon a Ram\u00f3n D\u00edaz en plena conferencia\" loading=\"lazy\" width=\"290\" height=\"290\" decoding=\"async\" data-nimg=\"1\" src=\"http:\/\/hoycordobaweb.com\/wp-content\/uploads\/2025\/03\/video-la-reaccion-de-sebastian-sosa-en-un-penal-contra-su-penarol-que-fue-comentada-en-las-redes-3.jpg\"><\/picture>\n<p><span>Mir\u00e1 tambi\u00e9n<\/span><\/p>\n<hr>\n<h3>Ducha de campe\u00f3n: los jugadores del Corinthians empaparon a Ram\u00f3n D\u00edaz en plena conferencia<\/h3>\n<\/p>\n<\/section>\n<\/div>\n<div class=\"sc-a7166897-0 eoLsBE\" readability=\"6.5\">\n<section readability=\"3\"><picture><img alt=\"Los chiches de Memphis Depay en la final del Paulista: de pararse sobre la pelota al minuto 90 a un pase con la espalda\" loading=\"lazy\" width=\"290\" height=\"290\" decoding=\"async\" data-nimg=\"1\" src=\"http:\/\/hoycordobaweb.com\/wp-content\/uploads\/2025\/03\/video-la-reaccion-de-sebastian-sosa-en-un-penal-contra-su-penarol-que-fue-comentada-en-las-redes-4.jpg\"><\/picture>\n<p><span>Mir\u00e1 tambi\u00e9n<\/span><\/p>\n<hr>\n<h3>Los chiches de Memphis Depay en la final del Paulista: de pararse sobre la pelota al minuto 90 a un pase con la espalda<\/h3>\n<\/p>\n<\/section>\n<\/div>\n<div class=\"sc-a7166897-0 eoLsBE\" readability=\"6\">\n<section readability=\"2\"><picture><img alt=\"El destacado premio que Germ\u00e1n Cano gan\u00f3 en Brasil pero no pudo recibir\" loading=\"lazy\" width=\"290\" height=\"290\" decoding=\"async\" data-nimg=\"1\" src=\"http:\/\/hoycordobaweb.com\/wp-content\/uploads\/2025\/03\/video-la-reaccion-de-sebastian-sosa-en-un-penal-contra-su-penarol-que-fue-comentada-en-las-redes-5.jpg\"><\/picture>\n<p><span>Mir\u00e1 tambi\u00e9n<\/span><\/p>\n<hr>\n<h3>El destacado premio que Germ\u00e1n Cano gan\u00f3 en Brasil pero no pudo recibir<\/h3>\n<\/p>\n<\/section>\n<\/div>\n<\/div>\n","protected":false},"excerpt":{"rendered":"<p>28\/03\/2025 10:25hs. Actualizado al 28\/03\/2025 10:41hs. Pe\u00f1arol venci\u00f3 2-0 a Juventud de Las Piedras este jueves por la octava fecha del Torneo Apertura. Un triunfo muy necesitado para el Manya, que ven\u00eda de perder tres partidos consecutivos y sin anotar goles. En esta ocasi\u00f3n, los que anotaron fueron Nahuel Herrera y Leo Fern\u00e1ndez -tambi\u00e9n atravesaba [&hellip;]<\/p>\n","protected":false},"author":1,"featured_media":100627,"comment_status":"open","ping_status":"closed","sticky":false,"template":"","format":"standard","meta":[],"categories":[16],"tags":[],"_links":{"self":[{"href":"http:\/\/hoycordobaweb.com\/index.php\/wp-json\/wp\/v2\/posts\/100626"}],"collection":[{"href":"http:\/\/hoycordobaweb.com\/index.php\/wp-json\/wp\/v2\/posts"}],"about":[{"href":"http:\/\/hoycordobaweb.com\/index.php\/wp-json\/wp\/v2\/types\/post"}],"author":[{"embeddable":true,"href":"http:\/\/hoycordobaweb.com\/index.php\/wp-json\/wp\/v2\/users\/1"}],"replies":[{"embeddable":true,"href":"http:\/\/hoycordobaweb.com\/index.php\/wp-json\/wp\/v2\/comments?post=100626"}],"version-history":[{"count":0,"href":"http:\/\/hoycordobaweb.com\/index.php\/wp-json\/wp\/v2\/posts\/100626\/revisions"}],"wp:featuredmedia":[{"embeddable":true,"href":"http:\/\/hoycordobaweb.com\/index.php\/wp-json\/wp\/v2\/media\/100627"}],"wp:attachment":[{"href":"http:\/\/hoycordobaweb.com\/index.php\/wp-json\/wp\/v2\/media?parent=100626"}],"wp:term":[{"taxonomy":"category","embeddable":true,"href":"http:\/\/hoycordobaweb.com\/index.php\/wp-json\/wp\/v2\/categories?post=100626"},{"taxonomy":"post_tag","embeddable":true,"href":"http:\/\/hoycordobaweb.com\/index.php\/wp-json\/wp\/v2\/tags?post=100626"}],"curies":[{"name":"wp","href":"https:\/\/api.w.org\/{rel}","templated":true}]}}