{"id":100610,"date":"2025-03-28T12:50:36","date_gmt":"2025-03-28T12:50:36","guid":{"rendered":"http:\/\/hoycordobaweb.com\/index.php\/2025\/03\/28\/la-vuelta-del-kun-aguero-al-futbol-en-que-equipo-argentino-jugara-diario-el-sol-mendoza\/"},"modified":"2025-03-28T12:50:36","modified_gmt":"2025-03-28T12:50:36","slug":"la-vuelta-del-kun-aguero-al-futbol-en-que-equipo-argentino-jugara-diario-el-sol-mendoza","status":"publish","type":"post","link":"http:\/\/hoycordobaweb.com\/index.php\/2025\/03\/28\/la-vuelta-del-kun-aguero-al-futbol-en-que-equipo-argentino-jugara-diario-el-sol-mendoza\/","title":{"rendered":"La vuelta del Kun Ag\u00fcero al <b>f\u00fatbol<\/b>: en qu\u00e9 equipo <b>argentino<\/b> jugar\u00e1 &#8211; Diario El Sol Mendoza"},"content":{"rendered":"<p>Tras varios a\u00f1os alejado de las canchas por una afecci\u00f3n card\u00edaca, Sergio &quot;Kun&quot; Ag\u00fcero volver\u00eda a jugar al <b>f\u00fatbol<\/b>, en un equipo de <b>Argentina<\/b>. <\/p>\n","protected":false},"excerpt":{"rendered":"<p>Tras varios a\u00f1os alejado de las canchas por una afecci\u00f3n card\u00edaca, Sergio &quot;Kun&quot; Ag\u00fcero volver\u00eda a jugar al f\u00fatbol, en un equipo de Argentina.<\/p>\n","protected":false},"author":1,"featured_media":0,"comment_status":"closed","ping_status":"closed","sticky":false,"template":"","format":"standard","meta":[],"categories":[22],"tags":[],"_links":{"self":[{"href":"http:\/\/hoycordobaweb.com\/index.php\/wp-json\/wp\/v2\/posts\/100610"}],"collection":[{"href":"http:\/\/hoycordobaweb.com\/index.php\/wp-json\/wp\/v2\/posts"}],"about":[{"href":"http:\/\/hoycordobaweb.com\/index.php\/wp-json\/wp\/v2\/types\/post"}],"author":[{"embeddable":true,"href":"http:\/\/hoycordobaweb.com\/index.php\/wp-json\/wp\/v2\/users\/1"}],"replies":[{"embeddable":true,"href":"http:\/\/hoycordobaweb.com\/index.php\/wp-json\/wp\/v2\/comments?post=100610"}],"version-history":[{"count":0,"href":"http:\/\/hoycordobaweb.com\/index.php\/wp-json\/wp\/v2\/posts\/100610\/revisions"}],"wp:attachment":[{"href":"http:\/\/hoycordobaweb.com\/index.php\/wp-json\/wp\/v2\/media?parent=100610"}],"wp:term":[{"taxonomy":"category","embeddable":true,"href":"http:\/\/hoycordobaweb.com\/index.php\/wp-json\/wp\/v2\/categories?post=100610"},{"taxonomy":"post_tag","embeddable":true,"href":"http:\/\/hoycordobaweb.com\/index.php\/wp-json\/wp\/v2\/tags?post=100610"}],"curies":[{"name":"wp","href":"https:\/\/api.w.org\/{rel}","templated":true}]}}