{"id":100522,"date":"2025-03-27T14:43:32","date_gmt":"2025-03-27T14:43:32","guid":{"rendered":"http:\/\/hoycordobaweb.com\/index.php\/2025\/03\/27\/conmocion-en-el-futbol-argentino-un-futbolista-de-san-lorenzo-sufrio-un-paro-cardiaco\/"},"modified":"2025-03-27T14:43:32","modified_gmt":"2025-03-27T14:43:32","slug":"conmocion-en-el-futbol-argentino-un-futbolista-de-san-lorenzo-sufrio-un-paro-cardiaco","status":"publish","type":"post","link":"http:\/\/hoycordobaweb.com\/index.php\/2025\/03\/27\/conmocion-en-el-futbol-argentino-un-futbolista-de-san-lorenzo-sufrio-un-paro-cardiaco\/","title":{"rendered":"Conmoci\u00f3n en el <b>f\u00fatbol argentino<\/b>: un futbolista de San Lorenzo sufri\u00f3 un paro card\u00edaco"},"content":{"rendered":"<p>El <b>f\u00fatbol argentino<\/b> sufri\u00f3 un fuerte sacud\u00f3n en las \u00faltimas horas. Oswaldo Balanta, futbolista colombiano de 23 a\u00f1os que se encuentra a prueba en&nbsp;&#8230; <\/p>\n","protected":false},"excerpt":{"rendered":"<p>El f\u00fatbol argentino sufri\u00f3 un fuerte sacud\u00f3n en las \u00faltimas horas. Oswaldo Balanta, futbolista colombiano de 23 a\u00f1os que se encuentra a prueba en&nbsp;&#8230;<\/p>\n","protected":false},"author":1,"featured_media":0,"comment_status":"closed","ping_status":"closed","sticky":false,"template":"","format":"standard","meta":[],"categories":[22],"tags":[],"_links":{"self":[{"href":"http:\/\/hoycordobaweb.com\/index.php\/wp-json\/wp\/v2\/posts\/100522"}],"collection":[{"href":"http:\/\/hoycordobaweb.com\/index.php\/wp-json\/wp\/v2\/posts"}],"about":[{"href":"http:\/\/hoycordobaweb.com\/index.php\/wp-json\/wp\/v2\/types\/post"}],"author":[{"embeddable":true,"href":"http:\/\/hoycordobaweb.com\/index.php\/wp-json\/wp\/v2\/users\/1"}],"replies":[{"embeddable":true,"href":"http:\/\/hoycordobaweb.com\/index.php\/wp-json\/wp\/v2\/comments?post=100522"}],"version-history":[{"count":0,"href":"http:\/\/hoycordobaweb.com\/index.php\/wp-json\/wp\/v2\/posts\/100522\/revisions"}],"wp:attachment":[{"href":"http:\/\/hoycordobaweb.com\/index.php\/wp-json\/wp\/v2\/media?parent=100522"}],"wp:term":[{"taxonomy":"category","embeddable":true,"href":"http:\/\/hoycordobaweb.com\/index.php\/wp-json\/wp\/v2\/categories?post=100522"},{"taxonomy":"post_tag","embeddable":true,"href":"http:\/\/hoycordobaweb.com\/index.php\/wp-json\/wp\/v2\/tags?post=100522"}],"curies":[{"name":"wp","href":"https:\/\/api.w.org\/{rel}","templated":true}]}}