{"id":100458,"date":"2025-03-26T15:57:51","date_gmt":"2025-03-26T15:57:51","guid":{"rendered":"https:\/\/www.mujerhoy.com\/moda\/no-te-pierdas\/como-llevar-faldas-columna-primavera-20250326165739-nt.html"},"modified":"2025-03-26T15:57:51","modified_gmt":"2025-03-26T15:57:51","slug":"todas-hablan-de-las-faldas-columna-son-femeninas-y-una-de-las-tendencias-mas-irresistibles-de-la-primavera","status":"publish","type":"post","link":"http:\/\/hoycordobaweb.com\/index.php\/2025\/03\/26\/todas-hablan-de-las-faldas-columna-son-femeninas-y-una-de-las-tendencias-mas-irresistibles-de-la-primavera\/","title":{"rendered":"Todas hablan de las faldas columna: son femeninas y una de las tendencias m\u00e1s irresistibles de la primavera"},"content":{"rendered":"<p><!-- AUTHOR --> <\/p>\n<div class=\"voc-author-timesocial \"> <!-- AUTHOR --> <\/p>\n<div class=\"voc-author-timesocial__signature \">\n<div class=\"voc-author-timesocial__img-c\"> <!-- IMAGE AUTHOR --> <picture class=\"voc-image-signature\"> <img class=\"voc-image-signature__img\" src=\"http:\/\/hoycordobaweb.com\/wp-content\/uploads\/2025\/03\/todas-hablan-de-las-faldas-columna-son-femeninas-y-una-de-las-tendencias-mas-irresistibles-de-la-primavera.jpg\" alt=\"Lauren Izquierdo\"> <\/picture> <\/div>\n<p> <!-- INFO AUTHOR --> <\/div><\/div>\n<p> <!-- COMPONENTS --> <\/p>\n<p class=\"voc-paragraph\" data-mrf-recirculation=\"Link art\u00edculo\">Desde hace varios meses, hay un tipo de <a data-voc-vtm-id=\"in-text-traffic\" href=\"https:\/\/www.mujerhoy.com\/temas\/generales\/faldas.html\" title=\"www.mujerhoy.com\" data-mrf-link=\"https:\/\/www.mujerhoy.com\/temas\/generales\/faldas.html\">falda<\/a> que ha conquistado a todas las mujeres que buscan el menos es m\u00e1s en sus looks: la <strong>falda columna<\/strong>. Minimalista, refinada y con un aire sofisticado que podr\u00eda haber salido directamente del <a data-voc-vtm-id=\"in-text-traffic\" href=\"https:\/\/www.mujerhoy.com\/moda\/tendencias\/basicos-armario-capsula-abuela-francesa-20240824143444-nt.html\" title=\"www.mujerhoy.com\" data-mrf-link=\"https:\/\/www.mujerhoy.com\/moda\/tendencias\/basicos-armario-capsula-abuela-francesa-20240824143444-nt.html\">armario de una parisina<\/a><br \/>\n, este dise\u00f1o de l\u00edneas rectas y ca\u00edda impecable se ha convertido en el <strong>nuevo imprescindible<\/strong>. <\/p>\n<p class=\"voc-paragraph\" data-mrf-recirculation=\"Link art\u00edculo\">Nos gusta porque es de lo m\u00e1s <strong>vers\u00e1til<\/strong>. Puedes llevarla con una <strong>americana oversize<\/strong> y <strong>mocasines<\/strong>, evocando la esencia fiel de la <a data-voc-vtm-id=\"in-text-traffic\" href=\"https:\/\/www.mujerhoy.com\/moda\/no-te-pierdas\/effortless-chic-tendencia-2025-vestir-facil-20250216112439-nt.html\" title=\"www.mujerhoy.com\" data-mrf-link=\"https:\/\/www.mujerhoy.com\/moda\/no-te-pierdas\/effortless-chic-tendencia-2025-vestir-facil-20250216112439-nt.html\">est\u00e9tica effortless chic<\/a> (que tan de moda se ha vuelto), pero tambi\u00e9n con un top ajustado y sandalias de tiras si lo que buscas es precisamente ahorrarte dolores de cabeza.\n<\/p>\n<p class=\"voc-paragraph\" data-mrf-recirculation=\"Link art\u00edculo\">Adem\u00e1s, conviene tener presente que la falda columna es una declaraci\u00f3n de intenciones que homenajea la <strong>elegancia sutil<\/strong>. \u00bfEl <strong>truco<\/strong> para que funcione en <strong>cualquier ocasi\u00f3n<\/strong>? Elegir un color neutro como el negro, el beige o el blanco para una base atemporal, o apostar por tonos pastel si lo que buscas es frescura en la nueva estaci\u00f3n.\n<\/p>\n<p><h3 class=\"voc-detail__title\"> Las faldas columnas m\u00e1s bonitas del entretiempo<br \/>\n<\/h3>\n<\/p>\n<div class=\"voc-detail-photo-zoom\"> <picture data-toggle=\"modal\" data-target=\"#photoZoomModal-375\" target=\"modal\">\n<div class=\"voc-img-icon-link\"> <img loading=\"lazy\" src=\"http:\/\/hoycordobaweb.com\/wp-content\/uploads\/2025\/03\/todas-hablan-de-las-faldas-columna-son-femeninas-y-una-de-las-tendencias-mas-irresistibles-de-la-primavera-1.jpg\" width=\"650\" height=\"900\" alt=\"Falda columna de punto canal\u00e9 blanca de H&amp;M, 29,99 euros.\"> <noscript> <img src=\"http:\/\/hoycordobaweb.com\/wp-content\/uploads\/2025\/03\/todas-hablan-de-las-faldas-columna-son-femeninas-y-una-de-las-tendencias-mas-irresistibles-de-la-primavera-1.jpg\" alt=\"Falda columna de punto canal\u00e9 blanca de H&amp;M, 29,99 euros.\"> <\/noscript> <i class=\"voc-icons zoom voc-multimedia-box voc-ico-l\"><\/i> <\/div><figcaption class=\"figure-caption\">Falda columna de punto canal\u00e9 blanca de H&amp;M, 29,99 euros.<\/figcaption><\/picture>\n<\/div>\n<div id=\"photoZoomModal-375\" class=\"voc-lightbox modal fade voc-lightbox--photo-zoom\" role=\"dialog\" data-voc-photozoom-lightbox>\n<div class=\"voc-lightbox__dialog\" role=\"document\">\n<div class=\"voc-lightbox__content\"> <!-- Modal header --> <!-- Modal content --> <\/p>\n<div class=\"voc-lightbox__photo-container\"> <picture class> <img loading=\"lazy\" src=\"http:\/\/hoycordobaweb.com\/wp-content\/uploads\/2025\/03\/todas-hablan-de-las-faldas-columna-son-femeninas-y-una-de-las-tendencias-mas-irresistibles-de-la-primavera-1.jpg\" alt=\"Falda columna de punto canal\u00e9 blanca de H&amp;M, 29,99 euros.\"> <noscript> <img src=\"http:\/\/hoycordobaweb.com\/wp-content\/uploads\/2025\/03\/todas-hablan-de-las-faldas-columna-son-femeninas-y-una-de-las-tendencias-mas-irresistibles-de-la-primavera-1.jpg\" alt=\"Falda columna de punto canal\u00e9 blanca de H&amp;M, 29,99 euros.\"> <\/noscript> <\/picture> <\/div><\/div><\/div>\n<\/div>\n<p class=\"voc-paragraph\" data-mrf-recirculation=\"Link art\u00edculo\"><strong>Falda columna de punto canal\u00e9 blanca de H&amp;M, 29,99 euros<\/strong>. Combina a la perfecci\u00f3n con un jersey de cashmere del mismo tono para un look monocrom\u00e1tico elegante. Si prefieres algo m\u00e1s moderno, opta por una camisa blanca oversize y unas bailarinas con pulsera para un aire parisino. <\/p>\n<div class=\"voc-detail-photo-zoom\"> <picture data-toggle=\"modal\" data-target=\"#photoZoomModal-529\" target=\"modal\">\n<div class=\"voc-img-icon-link\"> <img loading=\"lazy\" src=\"http:\/\/hoycordobaweb.com\/wp-content\/uploads\/2025\/03\/todas-hablan-de-las-faldas-columna-son-femeninas-y-una-de-las-tendencias-mas-irresistibles-de-la-primavera-2.jpg\" width=\"650\" height=\"900\" alt=\"Falda columna satinada en negro de ba&amp;sh, 185 euros.\"> <noscript> <img src=\"http:\/\/hoycordobaweb.com\/wp-content\/uploads\/2025\/03\/todas-hablan-de-las-faldas-columna-son-femeninas-y-una-de-las-tendencias-mas-irresistibles-de-la-primavera-2.jpg\" alt=\"Falda columna satinada en negro de ba&amp;sh, 185 euros.\"> <\/noscript> <i class=\"voc-icons zoom voc-multimedia-box voc-ico-l\"><\/i> <\/div><figcaption class=\"figure-caption\">Falda columna satinada en negro de ba&amp;sh, 185 euros.<\/figcaption><\/picture>\n<\/div>\n<div id=\"photoZoomModal-529\" class=\"voc-lightbox modal fade voc-lightbox--photo-zoom\" role=\"dialog\" data-voc-photozoom-lightbox>\n<div class=\"voc-lightbox__dialog\" role=\"document\">\n<div class=\"voc-lightbox__content\"> <!-- Modal header --> <!-- Modal content --> <\/p>\n<div class=\"voc-lightbox__photo-container\"> <picture class> <img loading=\"lazy\" src=\"http:\/\/hoycordobaweb.com\/wp-content\/uploads\/2025\/03\/todas-hablan-de-las-faldas-columna-son-femeninas-y-una-de-las-tendencias-mas-irresistibles-de-la-primavera-2.jpg\" alt=\"Falda columna satinada en negro de ba&amp;sh, 185 euros.\"> <noscript> <img src=\"http:\/\/hoycordobaweb.com\/wp-content\/uploads\/2025\/03\/todas-hablan-de-las-faldas-columna-son-femeninas-y-una-de-las-tendencias-mas-irresistibles-de-la-primavera-2.jpg\" alt=\"Falda columna satinada en negro de ba&amp;sh, 185 euros.\"> <\/noscript> <\/picture> <\/div><\/div><\/div>\n<\/div>\n<p class=\"voc-paragraph\" data-mrf-recirculation=\"Link art\u00edculo\"><strong>Falda columna satinada en negro de ba&amp;sh, 185 euros<\/strong>. Ll\u00e9vala con un jersey de cuello alto ajustado en color burdeos y unas botas de tac\u00f3n para un look sofisticado, o con una camiseta b\u00e1sica y una americana oversize para un look m\u00e1s urbano. El resultado siempre ser\u00e1 de diez.\n<\/p>\n<div class=\"voc-detail-photo-zoom\"> <picture data-toggle=\"modal\" data-target=\"#photoZoomModal-166\" target=\"modal\">\n<div class=\"voc-img-icon-link\"> <img loading=\"lazy\" src=\"http:\/\/hoycordobaweb.com\/wp-content\/uploads\/2025\/03\/todas-hablan-de-las-faldas-columna-son-femeninas-y-una-de-las-tendencias-mas-irresistibles-de-la-primavera-3.jpg\" width=\"650\" height=\"900\" alt=\"Falda columna denim oscura de Forever New, a la venta en Zalando, 55,49 euros.\"> <noscript> <img src=\"http:\/\/hoycordobaweb.com\/wp-content\/uploads\/2025\/03\/todas-hablan-de-las-faldas-columna-son-femeninas-y-una-de-las-tendencias-mas-irresistibles-de-la-primavera-3.jpg\" alt=\"Falda columna denim oscura de Forever New, a la venta en Zalando, 55,49 euros.\"> <\/noscript> <i class=\"voc-icons zoom voc-multimedia-box voc-ico-l\"><\/i> <\/div><figcaption class=\"figure-caption\">Falda columna denim oscura de Forever New, a la venta en Zalando, 55,49 euros.<\/figcaption><\/picture>\n<\/div>\n<div id=\"photoZoomModal-166\" class=\"voc-lightbox modal fade voc-lightbox--photo-zoom\" role=\"dialog\" data-voc-photozoom-lightbox>\n<div class=\"voc-lightbox__dialog\" role=\"document\">\n<div class=\"voc-lightbox__content\"> <!-- Modal header --> <!-- Modal content --> <\/p>\n<div class=\"voc-lightbox__photo-container\"> <picture class> <img loading=\"lazy\" src=\"http:\/\/hoycordobaweb.com\/wp-content\/uploads\/2025\/03\/todas-hablan-de-las-faldas-columna-son-femeninas-y-una-de-las-tendencias-mas-irresistibles-de-la-primavera-3.jpg\" alt=\"Falda columna denim oscura de Forever New, a la venta en Zalando, 55,49 euros.\"> <noscript> <img src=\"http:\/\/hoycordobaweb.com\/wp-content\/uploads\/2025\/03\/todas-hablan-de-las-faldas-columna-son-femeninas-y-una-de-las-tendencias-mas-irresistibles-de-la-primavera-3.jpg\" alt=\"Falda columna denim oscura de Forever New, a la venta en Zalando, 55,49 euros.\"> <\/noscript> <\/picture> <\/div><\/div><\/div>\n<\/div>\n<p class=\"voc-paragraph\" data-mrf-recirculation=\"Link art\u00edculo\"><strong>Falda columna denim oscura de Forever New, a la venta en Zalando, 55,49 euros<\/strong>. El denim sigue reinando en 2025 y, en su versi\u00f3n columna, es la clave para un look casual pero pulido. Apuesta por una falda en azul \u00edndigo o negro y comb\u00ednala con un polo de manga larga ajustado y unos mocasines con calcetines para un aire preppy. <\/p>\n<div class=\"voc-detail-photo-zoom\"> <picture data-toggle=\"modal\" data-target=\"#photoZoomModal-948\" target=\"modal\">\n<div class=\"voc-img-icon-link\"> <img loading=\"lazy\" src=\"http:\/\/hoycordobaweb.com\/wp-content\/uploads\/2025\/03\/todas-hablan-de-las-faldas-columna-son-femeninas-y-una-de-las-tendencias-mas-irresistibles-de-la-primavera-4.jpg\" width=\"650\" height=\"900\" alt=\"Falda columna de cuero marr\u00f3n chocolate de OW Collection, 135,96 euros.\"> <noscript> <img src=\"http:\/\/hoycordobaweb.com\/wp-content\/uploads\/2025\/03\/todas-hablan-de-las-faldas-columna-son-femeninas-y-una-de-las-tendencias-mas-irresistibles-de-la-primavera-4.jpg\" alt=\"Falda columna de cuero marr\u00f3n chocolate de OW Collection, 135,96 euros.\"> <\/noscript> <i class=\"voc-icons zoom voc-multimedia-box voc-ico-l\"><\/i> <\/div><figcaption class=\"figure-caption\">Falda columna de cuero marr\u00f3n chocolate de OW Collection, 135,96 euros.<\/figcaption><\/picture>\n<\/div>\n<div id=\"photoZoomModal-948\" class=\"voc-lightbox modal fade voc-lightbox--photo-zoom\" role=\"dialog\" data-voc-photozoom-lightbox>\n<div class=\"voc-lightbox__dialog\" role=\"document\">\n<div class=\"voc-lightbox__content\"> <!-- Modal header --> <!-- Modal content --> <\/p>\n<div class=\"voc-lightbox__photo-container\"> <picture class> <img loading=\"lazy\" src=\"http:\/\/hoycordobaweb.com\/wp-content\/uploads\/2025\/03\/todas-hablan-de-las-faldas-columna-son-femeninas-y-una-de-las-tendencias-mas-irresistibles-de-la-primavera-4.jpg\" alt=\"Falda columna de cuero marr\u00f3n chocolate de OW Collection, 135,96 euros.\"> <noscript> <img src=\"http:\/\/hoycordobaweb.com\/wp-content\/uploads\/2025\/03\/todas-hablan-de-las-faldas-columna-son-femeninas-y-una-de-las-tendencias-mas-irresistibles-de-la-primavera-4.jpg\" alt=\"Falda columna de cuero marr\u00f3n chocolate de OW Collection, 135,96 euros.\"> <\/noscript> <\/picture> <\/div><\/div><\/div>\n<\/div>\n<p class=\"voc-paragraph\" data-mrf-recirculation=\"Link art\u00edculo\"><strong>Falda columna de cuero marr\u00f3n chocolate de OW Collection, 135,96 euros<\/strong>. Las faldas de cuero son una de las piezas m\u00e1s potentes del entretiempo. Un dise\u00f1o en marr\u00f3n chocolate se ver\u00e1 incre\u00edble con un jersey de punto grueso en tono crudo y unas botas altas de tac\u00f3n sensato. A\u00f1ade un bolso baguette y unas joyitas doradas.\n<\/p>\n<div class=\"voc-detail-photo-zoom\"> <picture data-toggle=\"modal\" data-target=\"#photoZoomModal-177\" target=\"modal\">\n<div class=\"voc-img-icon-link\"> <img loading=\"lazy\" src=\"http:\/\/hoycordobaweb.com\/wp-content\/uploads\/2025\/03\/todas-hablan-de-las-faldas-columna-son-femeninas-y-una-de-las-tendencias-mas-irresistibles-de-la-primavera-5.jpg\" width=\"650\" height=\"900\" alt=\"Falda columna con abertura lateral en gris marengo de Marella, 86,85 euros.\"> <noscript> <img src=\"http:\/\/hoycordobaweb.com\/wp-content\/uploads\/2025\/03\/todas-hablan-de-las-faldas-columna-son-femeninas-y-una-de-las-tendencias-mas-irresistibles-de-la-primavera-5.jpg\" alt=\"Falda columna con abertura lateral en gris marengo de Marella, 86,85 euros.\"> <\/noscript> <i class=\"voc-icons zoom voc-multimedia-box voc-ico-l\"><\/i> <\/div><figcaption class=\"figure-caption\">Falda columna con abertura lateral en gris marengo de Marella, 86,85 euros.<\/figcaption><\/picture>\n<\/div>\n<div id=\"photoZoomModal-177\" class=\"voc-lightbox modal fade voc-lightbox--photo-zoom\" role=\"dialog\" data-voc-photozoom-lightbox>\n<div class=\"voc-lightbox__dialog\" role=\"document\">\n<div class=\"voc-lightbox__content\"> <!-- Modal header --> <!-- Modal content --> <\/p>\n<div class=\"voc-lightbox__photo-container\"> <picture class> <img loading=\"lazy\" src=\"http:\/\/hoycordobaweb.com\/wp-content\/uploads\/2025\/03\/todas-hablan-de-las-faldas-columna-son-femeninas-y-una-de-las-tendencias-mas-irresistibles-de-la-primavera-5.jpg\" alt=\"Falda columna con abertura lateral en gris marengo de Marella, 86,85 euros.\"> <noscript> <img src=\"http:\/\/hoycordobaweb.com\/wp-content\/uploads\/2025\/03\/todas-hablan-de-las-faldas-columna-son-femeninas-y-una-de-las-tendencias-mas-irresistibles-de-la-primavera-5.jpg\" alt=\"Falda columna con abertura lateral en gris marengo de Marella, 86,85 euros.\"> <\/noscript> <\/picture> <\/div><\/div><\/div>\n<\/div>\n<p class=\"voc-paragraph\" data-mrf-recirculation=\"Link art\u00edculo\"><strong>Falda columna con abertura lateral en gris marengo de Marella, 86,85 euros<\/strong>. Las versiones con abertura estilizan la silueta. Adem\u00e1s, esta falda es una inversi\u00f3n para el fondo de armario al que le dar\u00e1s mucho uso porque combina con todo.\n<\/p>\n<div class=\"voc-detail-photo-zoom\"> <picture data-toggle=\"modal\" data-target=\"#photoZoomModal-13\" target=\"modal\">\n<div class=\"voc-img-icon-link\"> <img loading=\"lazy\" src=\"http:\/\/hoycordobaweb.com\/wp-content\/uploads\/2025\/03\/todas-hablan-de-las-faldas-columna-son-femeninas-y-una-de-las-tendencias-mas-irresistibles-de-la-primavera-6.jpg\" width=\"650\" height=\"900\" alt=\"Falda columna estampada en jacquard de Max Mara, 179 euros.\"> <noscript> <img src=\"http:\/\/hoycordobaweb.com\/wp-content\/uploads\/2025\/03\/todas-hablan-de-las-faldas-columna-son-femeninas-y-una-de-las-tendencias-mas-irresistibles-de-la-primavera-6.jpg\" alt=\"Falda columna estampada en jacquard de Max Mara, 179 euros.\"> <\/noscript> <i class=\"voc-icons zoom voc-multimedia-box voc-ico-l\"><\/i> <\/div><figcaption class=\"figure-caption\">Falda columna estampada en jacquard de Max Mara, 179 euros.<\/figcaption><\/picture>\n<\/div>\n<div id=\"photoZoomModal-13\" class=\"voc-lightbox modal fade voc-lightbox--photo-zoom\" role=\"dialog\" data-voc-photozoom-lightbox>\n<div class=\"voc-lightbox__dialog\" role=\"document\">\n<div class=\"voc-lightbox__content\"> <!-- Modal header --> <!-- Modal content --> <\/p>\n<div class=\"voc-lightbox__photo-container\"> <picture class> <img loading=\"lazy\" src=\"http:\/\/hoycordobaweb.com\/wp-content\/uploads\/2025\/03\/todas-hablan-de-las-faldas-columna-son-femeninas-y-una-de-las-tendencias-mas-irresistibles-de-la-primavera-6.jpg\" alt=\"Falda columna estampada en jacquard de Max Mara, 179 euros.\"> <noscript> <img src=\"http:\/\/hoycordobaweb.com\/wp-content\/uploads\/2025\/03\/todas-hablan-de-las-faldas-columna-son-femeninas-y-una-de-las-tendencias-mas-irresistibles-de-la-primavera-6.jpg\" alt=\"Falda columna estampada en jacquard de Max Mara, 179 euros.\"> <\/noscript> <\/picture> <\/div><\/div><\/div>\n<\/div>\n<p class=\"voc-paragraph\" data-mrf-recirculation=\"Link art\u00edculo\"><strong>Falda columna estampada en jacquard de Max Mara, 179 euros<\/strong>. Si buscas una opci\u00f3n con un toque m\u00e1s original, esta falda es perfecta. Eso s\u00ed, nuestro consejo es que la combines con prendas m\u00e1s sencillas para que el protagonismo recaiga directamente sobre ella.\n<\/p>\n<p> <!-- TOPICS --> <\/p>\n","protected":false},"excerpt":{"rendered":"<p>Desde hace varios meses, hay un tipo de falda que ha conquistado a todas las mujeres que buscan el menos es m\u00e1s en sus looks: la falda columna. Minimalista, refinada y con un aire sofisticado que podr\u00eda haber salido directamente del armario de una parisina , este dise\u00f1o de l\u00edneas rectas y ca\u00edda impecable se [&hellip;]<\/p>\n","protected":false},"author":1,"featured_media":100459,"comment_status":"closed","ping_status":"closed","sticky":false,"template":"","format":"standard","meta":[],"categories":[],"tags":[],"_links":{"self":[{"href":"http:\/\/hoycordobaweb.com\/index.php\/wp-json\/wp\/v2\/posts\/100458"}],"collection":[{"href":"http:\/\/hoycordobaweb.com\/index.php\/wp-json\/wp\/v2\/posts"}],"about":[{"href":"http:\/\/hoycordobaweb.com\/index.php\/wp-json\/wp\/v2\/types\/post"}],"author":[{"embeddable":true,"href":"http:\/\/hoycordobaweb.com\/index.php\/wp-json\/wp\/v2\/users\/1"}],"replies":[{"embeddable":true,"href":"http:\/\/hoycordobaweb.com\/index.php\/wp-json\/wp\/v2\/comments?post=100458"}],"version-history":[{"count":0,"href":"http:\/\/hoycordobaweb.com\/index.php\/wp-json\/wp\/v2\/posts\/100458\/revisions"}],"wp:featuredmedia":[{"embeddable":true,"href":"http:\/\/hoycordobaweb.com\/index.php\/wp-json\/wp\/v2\/media\/100459"}],"wp:attachment":[{"href":"http:\/\/hoycordobaweb.com\/index.php\/wp-json\/wp\/v2\/media?parent=100458"}],"wp:term":[{"taxonomy":"category","embeddable":true,"href":"http:\/\/hoycordobaweb.com\/index.php\/wp-json\/wp\/v2\/categories?post=100458"},{"taxonomy":"post_tag","embeddable":true,"href":"http:\/\/hoycordobaweb.com\/index.php\/wp-json\/wp\/v2\/tags?post=100458"}],"curies":[{"name":"wp","href":"https:\/\/api.w.org\/{rel}","templated":true}]}}