{"id":100303,"date":"2025-03-25T04:11:00","date_gmt":"2025-03-25T04:11:00","guid":{"rendered":"http:\/\/hoycordobaweb.com\/index.php\/2025\/03\/25\/cristina-caamano-ya-no-existen-archivos-a-desclasificar-el-anuncio-de-adorni-es-humo\/"},"modified":"2025-03-25T04:11:00","modified_gmt":"2025-03-25T04:11:00","slug":"cristina-caamano-ya-no-existen-archivos-a-desclasificar-el-anuncio-de-adorni-es-humo","status":"publish","type":"post","link":"http:\/\/hoycordobaweb.com\/index.php\/2025\/03\/25\/cristina-caamano-ya-no-existen-archivos-a-desclasificar-el-anuncio-de-adorni-es-humo\/","title":{"rendered":"Cristina Caama\u00f1o: \u00abYa no existen archivos a desclasificar, el anuncio de Adorni es humo\u00bb"},"content":{"rendered":"<div class=\"media_block\"><\/div>\n<div><img src=\"http:\/\/hoycordobaweb.com\/wp-content\/uploads\/2025\/03\/cristina-caamano-ya-no-existen-archivos-a-desclasificar-el-anuncio-de-adorni-es-humo.jpg\" class=\"ff-og-image-inserted\"><\/div>\n<p><strong>Cristina Caama\u00f1o<\/strong>, interventora de la Agencia Federal de Inteligencia (AFI) \u2014actual SIDE\u2014 durante la presidencia de Alberto Fern\u00e1ndez, estuvo invitada en <strong>\u00abSoy Casta\u00bb<\/strong>, programa emitido en <strong>Bravo TV<\/strong>. La actual rectora de <a target=\"_blank\" href=\"https:\/\/www.perfil.com\/noticias\/politica\/madres-de-plaza-de-mayo-denuncio-la-intervancion-de-su-universidad-gobierno-fascista-y-negacionista.phtml\" rel=\"noopener noreferrer\"><strong>Universidad Nacional Madres de Plaza de Mayo<\/strong><\/a> dispar\u00f3: \u00ab<strong>El <a target=\"_blank\" href=\"https:\/\/www.perfil.com\/noticias\/actualidad\/javier-milei-ordeno-la-desclasificacion-de-la-documentacion-del-accionar-de-las-fuerzas-armadas-entre-1976-y-1983.phtml\" rel=\"noopener noreferrer\">anuncio<\/a> hecho este lunes por Manuel Adorni es humo<\/strong>. Los archivos secretos de la dictadura <strong>ya est\u00e1n todos desclasificados<\/strong>\u00ab. <\/p>\n<p>Caama\u00f1o explic\u00f3 que durante su gesti\u00f3n al frente de la AFI el expresidente <strong>Alberto Fern\u00e1ndez emiti\u00f3 un decreto<\/strong> que permiti\u00f3 la <strong>desclasificaci\u00f3n completa<\/strong> de los archivos secretos de la dictadura de 1976. \u00abIncluso el 10 de diciembre de 2022 hubo un acto en la ex Escuela de Mec\u00e1nica de la Armada (ESMA) donde le entregamos a todos los organismos de derechos humanos y a las Madres de Plaza de Mayo las carpetas con todo lo que encontramos. <strong><a target=\"_blank\" href=\"https:\/\/www.perfil.com\/noticias\/politica\/escandalo-libra-grabois-filoso-con-el-fiscal-taiano-pedira-la-interpelacion-de-karina-milei.phtml\" rel=\"noopener noreferrer\">Juan Grabois<\/a> se llev\u00f3 como nueve carpetas y Myriam Bregman otras doce<\/strong>\u00ab, relat\u00f3.<\/p>\n<p>En cuanto al pedido que har\u00e1 el Gobierno para que el homicidio del <a target=\"_blank\" href=\"https:\/\/www.perfil.com\/noticias\/politica\/el-caso-del-capitan-humberto-viola-en-1974-por-que-el-gobierno-considera-su-muerte-un-crimen-de-lesa-humanidad.phtml\" rel=\"noopener noreferrer\"><strong>capit\u00e1n Humberto Antonio Viola<\/strong><\/a> \u2014perpetrado por el Ej\u00e9rcito Revolucionario del Pueblo (ERP) el 1 de diciembre de 1974, durante la vigencia de un gobierno democr\u00e1tico\u2014 sea tipificado como <strong>delito de lesa humanidad<\/strong>, Caama\u00f1o dijo: \u00abEs la Justicia la que deber\u00e1 pronunciarse\u00bb para que el caso fuese eventualmente reabierto y pudiese ser <strong>investigado como \u00abimprescriptible<\/strong>\u00ab.<\/p>\n<p class=\"destacadoNota\"><strong><a target=\"_blank\" href=\"https:\/\/www.perfil.com\/noticias\/cordoba\/nueva-encuesta-cae-fuerte-la-imagen-de-milei-y-asoma-como-opcion-laje-en-cordoba.phtml\" rel=\"noopener noreferrer\">Nueva encuesta: cae fuerte la imagen de Milei y asoma como \u201copci\u00f3n\u201d Laje en C\u00f3rdoba<\/a><\/strong><\/p>\n<p><strong>Carmen Arias<\/strong>, presidenta de Madres de Plaza de Mayo, tambi\u00e9n estuvo presente en la mesa. Mencion\u00f3 el rol que cumplen las escuelas en la vigencia de la memoria en las nuevas generaciones. Luego mencion\u00f3 que \u00ab<strong>desde enero de 2024 no ingresa un solo peso a la Universidad Nacional Madres de Plaza de Mayo<\/strong>, y a Caama\u00f1o no la reconocen como rectora\u00bb. Caama\u00f1o complet\u00f3: \u00abTodo est\u00e1 en la Justicia, pero veremos c\u00f3mo termina el asunto\u00bb.<\/p>\n<p><em>FPT\/ML<\/em><\/p>\n<div class=\"article__tags\">\n<p>En esta Nota<\/p>\n<\/p><\/div>\n","protected":false},"excerpt":{"rendered":"<p>Cristina Caama\u00f1o, interventora de la Agencia Federal de Inteligencia (AFI) \u2014actual SIDE\u2014 durante la presidencia de Alberto Fern\u00e1ndez, estuvo invitada en \u00abSoy Casta\u00bb, programa emitido en Bravo TV. La actual rectora de Universidad Nacional Madres de Plaza de Mayo dispar\u00f3: \u00abEl anuncio hecho este lunes por Manuel Adorni es humo. Los archivos secretos de la [&hellip;]<\/p>\n","protected":false},"author":1,"featured_media":100304,"comment_status":"closed","ping_status":"closed","sticky":false,"template":"","format":"standard","meta":[],"categories":[19],"tags":[1107,1106,1105,1104],"_links":{"self":[{"href":"http:\/\/hoycordobaweb.com\/index.php\/wp-json\/wp\/v2\/posts\/100303"}],"collection":[{"href":"http:\/\/hoycordobaweb.com\/index.php\/wp-json\/wp\/v2\/posts"}],"about":[{"href":"http:\/\/hoycordobaweb.com\/index.php\/wp-json\/wp\/v2\/types\/post"}],"author":[{"embeddable":true,"href":"http:\/\/hoycordobaweb.com\/index.php\/wp-json\/wp\/v2\/users\/1"}],"replies":[{"embeddable":true,"href":"http:\/\/hoycordobaweb.com\/index.php\/wp-json\/wp\/v2\/comments?post=100303"}],"version-history":[{"count":0,"href":"http:\/\/hoycordobaweb.com\/index.php\/wp-json\/wp\/v2\/posts\/100303\/revisions"}],"wp:featuredmedia":[{"embeddable":true,"href":"http:\/\/hoycordobaweb.com\/index.php\/wp-json\/wp\/v2\/media\/100304"}],"wp:attachment":[{"href":"http:\/\/hoycordobaweb.com\/index.php\/wp-json\/wp\/v2\/media?parent=100303"}],"wp:term":[{"taxonomy":"category","embeddable":true,"href":"http:\/\/hoycordobaweb.com\/index.php\/wp-json\/wp\/v2\/categories?post=100303"},{"taxonomy":"post_tag","embeddable":true,"href":"http:\/\/hoycordobaweb.com\/index.php\/wp-json\/wp\/v2\/tags?post=100303"}],"curies":[{"name":"wp","href":"https:\/\/api.w.org\/{rel}","templated":true}]}}