{"id":100036,"date":"2025-03-21T14:06:00","date_gmt":"2025-03-21T14:06:00","guid":{"rendered":"https:\/\/www.ole.com.ar\/river-plate\/river-plate-oficial-confirmo-lesion-matias-kranevitter-desgarro_0_n8fuvXd4GC.html"},"modified":"2025-03-21T14:06:00","modified_gmt":"2025-03-21T14:06:00","slug":"oficial-kranevitter-esta-desgarrado-y-se-suma-a-las-bajas-para-el-debut-de-river-en-la-libertadores","status":"publish","type":"post","link":"http:\/\/hoycordobaweb.com\/index.php\/2025\/03\/21\/oficial-kranevitter-esta-desgarrado-y-se-suma-a-las-bajas-para-el-debut-de-river-en-la-libertadores\/","title":{"rendered":"Oficial: Kranevitter est\u00e1 desgarrado y se suma a las bajas para el debut de River en la Libertadores"},"content":{"rendered":"<p><img src=\"http:\/\/hoycordobaweb.com\/wp-content\/uploads\/2025\/03\/oficial-kranevitter-esta-desgarrado-y-se-suma-a-las-bajas-para-el-debut-de-river-en-la-libertadores.jpg\"><\/p>\n<p><span class=\"createDate\">21\/03\/2025 11:06hs.<\/span><time class=\"modificatedDate\" datetime=\"2025-03-21T11:11:17-03:00\"> Actualizado al 21\/03\/2025 11:11hs.<\/time><\/p>\n<div id=\"storyBody\">\n<div class=\"custom-text \" readability=\"34.239583333333\">\n<p><strong>\u00abClaramente me preocupa, son muchas lesiones que venimos sufriendo partido tras partido&#8230;\u00bb.<\/strong> Todav\u00eda no arranc\u00f3 la parte m\u00e1s \u00e1lgida del calendario, pero la enfermer\u00eda de <strong><a href=\"https:\/\/www.ole.com.ar\/tema\/river-plate.html\" title=\"River Plate\" alt=\"River Plate\" class=\"slug\">River<\/a><\/strong> sigue sumando pacientes y <strong><a href=\"https:\/\/www.ole.com.ar\/tema\/marcelo-gallardo.html\" title=\"Marcelo Gallardo\" alt=\"Marcelo Gallardo\" class=\"slug\">Marcelo Gallardo<\/a><\/strong> sufre por esta racha negativa. A 12 d\u00edas del debut en la <strong><a href=\"https:\/\/www.ole.com.ar\/tema\/copa-libertadores.html\" title=\"Copa Libertadores\" alt=\"Copa Libertadores\" class=\"slug\">Copa Libertadores<\/a><\/strong> en Per\u00fa ante Universitario, los estudios m\u00e9dicos que se realiz\u00f3 <strong><a href=\"https:\/\/www.ole.com.ar\/tema\/matias-kranevitter.html\" title=\"Mat\u00edas Kranevitter\" alt=\"Mat\u00edas Kranevitter\" class=\"slug\">Mat\u00edas Kranevitter<\/a><\/strong> al regresar a Buenos Aires desde Santiago del Estero confirmaron que sufri\u00f3 <strong>un desgarro en el cu\u00e1driceps derecho<\/strong> y ya son ocho las lesiones musculares en el plantel en lo que va del 2025.<\/p>\n<\/div>\n<div class=\"custom-text \" readability=\"38\">\n<p>Cuando el volante se tom\u00f3 la parte superior de su pierna derecha despu\u00e9s de disputar una pelota con Arnaldo Gonz\u00e1lez, se agach\u00f3 y pidi\u00f3 el cambio en medio del PT ante Ciudad de Bol\u00edvar, el rostro del Mu\u00f1eco lo dijo todo. Consciente de que <strong>\u00ablos jugadores est\u00e1n expuestos a las lesiones\u00bb<\/strong>, lo que sorprende y preocupa al Mu\u00f1eco es que <strong>\u00absean continuas\u00bb <\/strong>y en un momento de la temporada en el que la seguidilla de partidos todav\u00eda no es intensa.<\/p>\n<\/div>\n<div class=\"custom-text \" readability=\"38\">\n<p>Para el tucumano, el parate obligado al menos por los pr\u00f3ximos cuatro partidos, entre los que se encuentran los primeros dos de la Libertadores, es tambi\u00e9n inoportuno. <strong>Su tercera lesi\u00f3n desde su vuelta a River a fines del 2022<\/strong> lleg\u00f3 en un partido (quinto en 2025) en el que estaba frente a la oportunidad de posicionarse como principal revelo de Enzo P\u00e9rez tras la llegada de un competidor directo como el colombiano Kevin Casta\u00f1o. <\/p>\n<\/div>\n<div class=\"custom-text \" readability=\"37\">\n<p>Con este panorama y ante la falta de alternativas naturales, el Mu\u00f1eco preserv\u00f3 al mendocino y <strong>aprovech\u00f3 para probar a Aliendro en la base con Sim\u00f3n y Nacho a los costados<\/strong>, mientras que sobre el final hizo debutar al chico <strong>Ulises Gim\u00e9nez<\/strong> (es central, pero puede ser #5).<\/p>\n<\/div>\n<p><h2><strong>El momento de la lesi\u00f3n de Kranevitter<\/strong><\/h2>\n<\/p>\n<div class=\"sc-734b4696-1 kFfZtB\">\n<div class=\"sc-d00d9e74-0 hnHYbk\" type=\"embed\">\n<div class=\"sc-d00d9e74-1 iKVbz videoText\" id=\"contentTitleembedmwsSMZEZ\" type=\"embed\"><svg fill=\"#ffffff\"><symbol id=\"play\" viewBox=\"0 0 512 512\"><path d=\"M512 256C512 397.4 397.4 512 256 512C114.6 512 0 397.4 0 256C0 114.6 114.6 0 256 0C397.4 0 512 114.6 512 256zM176 168V344C176 352.7 180.7 360.7 188.3 364.9C195.8 369.2 205.1 369 212.5 364.5L356.5 276.5C363.6 272.1 368 264.4 368 256C368 247.6 363.6 239.9 356.5 235.5L212.5 147.5C205.1 142.1 195.8 142.8 188.3 147.1C180.7 151.3 176 159.3 176 168V168z\" \/><\/symbol><use xlink:href=\"#play\" \/><\/svg><\/p>\n<div class=\"right\">\n<p>River Plate<!-- --> &#8211; <span>&nbsp;<\/span><\/p>\n<h2 class=\"title-vid\">Kranevitter se retir\u00f3 lesionado<\/h2>\n<\/div>\n<\/div>\n<p><span class=\"back\" id=\"spanBackembedmwsSMZEZ\"><\/span><\/div>\n<div class=\"JWvideoNota_title\">\n<p>Video: TyC Sports.<\/p>\n<\/div>\n<\/div>\n<div class=\"custom-text \" readability=\"40\">\n<p><strong>Mat\u00edas Rojas <\/strong>(desgarro en el b\u00edceps femoral izquierdo y ahora distensi\u00f3n en el isquiotibial derecho), <strong>Giuliano Galoppo <\/strong>(distensi\u00f3n en el sartorio de la pierna izquierda), <strong>Lucas Mart\u00ednez Quarta<\/strong> (desgarro en el cu\u00e1driceps derecho), <strong>Sebasti\u00e1n Driussi<\/strong> (desgarro en el isquiotibial izquierdo), <strong>Gonzalo Montiel <\/strong>(desgarro en el s\u00f3leo izquierdo) y <strong>Facundo Colidio<\/strong> (desgarro en el recto anterior derecho) son los otros jugadores que est\u00e1n en plena recuperaci\u00f3n. Y teniendo en cuenta que Cachete y FC ya no llegar\u00e1n al debut en la Copa del 2\/4 vs. Universitario, <strong>a Gallardo no se le pas\u00f3 de largo la situaci\u00f3n.<\/strong><\/p>\n<\/div>\n<div class=\"sc-e7b891c4-0 ifHnQL image-embed\"><img alt=\"El momento de la lesi\u00f3n de Kranevitter. Foto: Federico Chara.\" loading=\"lazy\" width=\"720\" height=\"100\" decoding=\"async\" data-nimg=\"1\" src=\"http:\/\/hoycordobaweb.com\/wp-content\/uploads\/2025\/03\/oficial-kranevitter-esta-desgarrado-y-se-suma-a-las-bajas-para-el-debut-de-river-en-la-libertadores-2.jpg\"><span class=\"epigraphe\">El momento de la lesi\u00f3n de Kranevitter. Foto: Federico Chara.<\/span><\/div>\n<div class=\"custom-text \" readability=\"38\">\n<p><strong>\u00abNo es un error nuestro<\/strong>, nuestra metodolog\u00eda suele ser muy precisa en cuanto a las cargas, tenemos muchas pretemporadas encima, muchos a\u00f1os como para puntualizar en \u00e9sta. <strong>Ser\u00eda muy negativo pensar que se hizo algo mal\u00bb<\/strong>, enfatiz\u00f3 MG. <\/p>\n<\/div>\n<div class=\"custom-text \" readability=\"36\">\n<p>De todas formas, <strong>no ser\u00eda extra\u00f1o que puertas adentro se decida dosificar las cargas de trabajo<\/strong> para evitar tener que continuar con el recuento de da\u00f1os en la parte m\u00e1s caliente del semestre, que incluye en la parte final el flamante Mundial de Clubes que ya tiene en vilo a todos.<\/p>\n<\/div>\n<\/div>\n","protected":false},"excerpt":{"rendered":"<p>21\/03\/2025 11:06hs. Actualizado al 21\/03\/2025 11:11hs. \u00abClaramente me preocupa, son muchas lesiones que venimos sufriendo partido tras partido&#8230;\u00bb. Todav\u00eda no arranc\u00f3 la parte m\u00e1s \u00e1lgida del calendario, pero la enfermer\u00eda de River sigue sumando pacientes y Marcelo Gallardo sufre por esta racha negativa. A 12 d\u00edas del debut en la Copa Libertadores en Per\u00fa ante [&hellip;]<\/p>\n","protected":false},"author":1,"featured_media":100037,"comment_status":"open","ping_status":"closed","sticky":false,"template":"","format":"standard","meta":[],"categories":[16],"tags":[],"_links":{"self":[{"href":"http:\/\/hoycordobaweb.com\/index.php\/wp-json\/wp\/v2\/posts\/100036"}],"collection":[{"href":"http:\/\/hoycordobaweb.com\/index.php\/wp-json\/wp\/v2\/posts"}],"about":[{"href":"http:\/\/hoycordobaweb.com\/index.php\/wp-json\/wp\/v2\/types\/post"}],"author":[{"embeddable":true,"href":"http:\/\/hoycordobaweb.com\/index.php\/wp-json\/wp\/v2\/users\/1"}],"replies":[{"embeddable":true,"href":"http:\/\/hoycordobaweb.com\/index.php\/wp-json\/wp\/v2\/comments?post=100036"}],"version-history":[{"count":0,"href":"http:\/\/hoycordobaweb.com\/index.php\/wp-json\/wp\/v2\/posts\/100036\/revisions"}],"wp:featuredmedia":[{"embeddable":true,"href":"http:\/\/hoycordobaweb.com\/index.php\/wp-json\/wp\/v2\/media\/100037"}],"wp:attachment":[{"href":"http:\/\/hoycordobaweb.com\/index.php\/wp-json\/wp\/v2\/media?parent=100036"}],"wp:term":[{"taxonomy":"category","embeddable":true,"href":"http:\/\/hoycordobaweb.com\/index.php\/wp-json\/wp\/v2\/categories?post=100036"},{"taxonomy":"post_tag","embeddable":true,"href":"http:\/\/hoycordobaweb.com\/index.php\/wp-json\/wp\/v2\/tags?post=100036"}],"curies":[{"name":"wp","href":"https:\/\/api.w.org\/{rel}","templated":true}]}}